{"id":76649,"date":"2016-12-27T10:50:34","date_gmt":"2016-12-27T13:50:34","guid":{"rendered":"http:\/\/prensa.mendoza.gov.ar\/?p=76649"},"modified":"2016-12-27T10:50:34","modified_gmt":"2016-12-27T13:50:34","slug":"el-servicio-de-trole-y-metrotranvia-funciona-con-normalidad","status":"publish","type":"post","link":"https:\/\/www.mendoza.gov.ar\/prensa\/el-servicio-de-trole-y-metrotranvia-funciona-con-normalidad\/","title":{"rendered":"El servicio de trole y metrotranv\u00eda funciona con normalidad"},"content":{"rendered":"<!DOCTYPE html PUBLIC \"-\/\/W3C\/\/DTD HTML 4.0 Transitional\/\/EN\" \"http:\/\/www.w3.org\/TR\/REC-html40\/loose.dtd\">\n<html><body><div>El Gobierno de la provincia espera por la media sanci&oacute;n que falta para poder cumplir con el proyecto de liquidaci&oacute;n y creaci&oacute;n de la Sociedad An&oacute;nima de Transporte que permitir&aacute; darle a la empresa de troles un servicio eficiente y de calidad a los usuarios.<\/div>\n<div><\/div>\n<div>Lejos de confrontar con los trabajadores, el Ejecutivo quiere destacar el compromiso que han asumido los empleados por estas horas asistiendo a sus puestos de trabajo para que tanto las l&iacute;neas de trole como el metrotranv&iacute;a no sufrieran alteraciones y se pudieran prestar con normalidad los servicios.<\/div>\n<\/body><\/html>\n","protected":false},"excerpt":{"rendered":"Todos los empleados de la Empresa Provincial de Transportes de Mendoza, a pesar de que en la Legislatura se est\u00e1 tratando el proyecto para la creaci\u00f3n de la Sociedad An\u00f3nima de Transporte, se hicieron presentes en su lugar de trabajo para que no se viera afectado el servicio.","protected":false},"author":76,"featured_media":0,"comment_status":"open","ping_status":"open","sticky":false,"template":"","format":"standard","meta":[],"categories":[34],"tags":[],"_links":{"self":[{"href":"https:\/\/www.mendoza.gov.ar\/prensa\/wp-json\/wp\/v2\/posts\/76649"}],"collection":[{"href":"https:\/\/www.mendoza.gov.ar\/prensa\/wp-json\/wp\/v2\/posts"}],"about":[{"href":"https:\/\/www.mendoza.gov.ar\/prensa\/wp-json\/wp\/v2\/types\/post"}],"author":[{"embeddable":true,"href":"https:\/\/www.mendoza.gov.ar\/prensa\/wp-json\/wp\/v2\/users\/76"}],"replies":[{"embeddable":true,"href":"https:\/\/www.mendoza.gov.ar\/prensa\/wp-json\/wp\/v2\/comments?post=76649"}],"version-history":[{"count":0,"href":"https:\/\/www.mendoza.gov.ar\/prensa\/wp-json\/wp\/v2\/posts\/76649\/revisions"}],"wp:attachment":[{"href":"https:\/\/www.mendoza.gov.ar\/prensa\/wp-json\/wp\/v2\/media?parent=76649"}],"wp:term":[{"taxonomy":"category","embeddable":true,"href":"https:\/\/www.mendoza.gov.ar\/prensa\/wp-json\/wp\/v2\/categories?post=76649"},{"taxonomy":"post_tag","embeddable":true,"href":"https:\/\/www.mendoza.gov.ar\/prensa\/wp-json\/wp\/v2\/tags?post=76649"}],"curies":[{"name":"wp","href":"https:\/\/api.w.org\/{rel}","templated":true}]}}