{"id":76656,"date":"2016-12-27T13:37:36","date_gmt":"2016-12-27T16:37:36","guid":{"rendered":"http:\/\/prensa.mendoza.gov.ar\/?p=76656"},"modified":"2016-12-27T13:37:36","modified_gmt":"2016-12-27T16:37:36","slug":"es-ley-la-creacion-de-la-sociedad-de-transporte-de-mendoza","status":"publish","type":"post","link":"https:\/\/www.mendoza.gov.ar\/prensa\/es-ley-la-creacion-de-la-sociedad-de-transporte-de-mendoza\/","title":{"rendered":"Es ley la creaci\u00f3n de la Sociedad de Transporte de Mendoza"},"content":{"rendered":"<!DOCTYPE html PUBLIC \"-\/\/W3C\/\/DTD HTML 4.0 Transitional\/\/EN\" \"http:\/\/www.w3.org\/TR\/REC-html40\/loose.dtd\">\n<html><body><p>La ley declara de Inter&eacute;s P&uacute;blico Provincial el Sistema de Transporte P&uacute;blico de pasajeros, prestado mediante veh&iacute;culos propulsados por impulsores el&eacute;ctricos, sean &eacute;stos trolebuses, tranv&iacute;as y\/o cualquier otro tipo de veh&iacute;culos el&eacute;ctricos o h&iacute;bridos, para la incorporaci&oacute;n de tecnolog&iacute;as y servicios que coadyuven a la modernizaci&oacute;n y a la eficiencia del sistema de transporte p&uacute;blico de pasajeros, como a la protecci&oacute;n del medio ambiente.<\/p>\n<p>El senador Juan Carlos Jaliff pidi&oacute; que se le d&eacute; tratamiento a la media sanci&oacute;n aprobada por&nbsp;la C&aacute;mara&nbsp;de Diputados.<\/p>\n<p>En tanto, el senador V&iacute;ctor da Vila solicit&oacute; que se rechace este proyecto ya que considera que el mismo es inconstitucional y est&aacute; contradici&eacute;ndose con leyes provinciales.<\/p>\n<p>Como miembro informante del oficialismo, el senador Jorge Teves explic&oacute; los alcances del proyecto y agradeci&oacute; a la oposici&oacute;n por el acompa&ntilde;amiento que brindaron en mucho de los proyectos que han sido analizados por&nbsp;la C&aacute;mara&nbsp;de Senadores durante todo el a&ntilde;o. Adem&aacute;s adujo que esperaban que desde la oposici&oacute;n votaran a favor de la norma ya que consideran que estas modificaciones ser&aacute;n muy beneficiosas para la empresa de transporte.<\/p>\n<p>&ldquo;La empresa es de todos los mendocinos y hay que cuidarla y mejorarla. Estamos proponiendo que se trasforme en una sociedad an&oacute;nima unipersonal&nbsp; y en una figura que le permita al Estado provincial seguir siendo titular de esta empresa, ajustada a los tiempos que tenemos que transitar. &Eacute;sta necesita herramientas jur&iacute;dicas que le permita ser competitiva y prestar un servicio adecuado&rdquo;, sostuvo el senador.<\/p>\n<p>Adem&aacute;s coment&oacute; ante los dichos de muchos representantes de la oposici&oacute;n que indicaban que con la nueva estructura administrativa la empresa va a ser privatizada que estas afirmaciones est&aacute;n absolutamente alejadas de la realidad. &ldquo;El 100% de la sociedad an&oacute;nima es del Estado mendocino. Adem&aacute;s, en el articulado, se proh&iacute;be la venta de acciones y ning&uacute;n otro Gobernador puede tomar esta decisi&oacute;n, ya que para implementar este cambio, el Ejecutivo debe pedirle autorizaci&oacute;n al Poder Legislativo&rdquo;.<\/p>\n<p>Teves adem&aacute;s afirm&oacute;: &ldquo;Con estas modificaciones se intenta transformar administrativamente para que sea eficiente. La totalidad de los empleados van a seguir trabajando y van a tener continuidad laboral&rdquo;.<\/p>\n<p><a href=\"https:\/\/www.mendoza.gov.ar\/prensa\/wp-content\/uploads\/sites\/23\/MG_0100.jpg\"><img loading=\"lazy\" class=\"alignnone wp-image-76661 img-responsive center-block\" src=\"https:\/\/www.mendoza.gov.ar\/prensa\/wp-content\/uploads\/sites\/23\/MG_0100.jpg\" alt=\"\" width=\"650\" height=\"433\"><\/a><\/p>\n<p>&nbsp;<\/p>\n<p>Por su parte, el senador V&iacute;ctor da Vila brind&oacute; datos en cuanto a la empresa Chebr&oacute;n: &ldquo;Es un ejemplo a tener en cuenta&rdquo;. Adem&aacute;s a&ntilde;adi&oacute; que esta norma prev&eacute; una serie de mecanismos en donde indica de que los empleados no van a ser incorporados al Estado y que estos ser&aacute;n reubicados.<\/p>\n<p>&ldquo;Se pretende responsabilizar&nbsp;la EPTM&nbsp;y a las familias de los empleados del desastre del servicio de transporte en&nbsp;la Provincia&nbsp;de Mendoza. El Gobierno cuestion&oacute; duramente la forma en la que el transporte se cobraba. Quieren hacer pasar cosas tan graves como el costo operativo real de las unidades&rdquo;, coment&oacute; da Vila.<\/p>\n<p>El senador adem&aacute;s explic&oacute; que el boleto aument&oacute; un 100%, en cambio la marcha del aumento de los salarios de los trabajadores no aument&oacute; de la misma manera. &ldquo;Ponen de manifiesto que el servicio de transporte debe ser rentable y qu&eacute; quieren decir con esto? Ninguna empresa privada ha manifestado ning&uacute;n tipo de inversi&oacute;n, por lo que a la &uacute;nica empresa a la que se le exige es a&nbsp;la EPTM. Si&nbsp;se fija este esquema significa que se va a desfinanciar del Estado.<\/p>\n<p>Brind&oacute; datos tambi&eacute;n en cuanto a c&oacute;mo debe medirse la rentabilidad del servicio de transporte. Considera que para conocer datos de la rentabilidad deben abrirse los libros. Sostuvo que en los &uacute;ltimos 10 a&ntilde;os se fijo un aumento del 1000% en los subsidios y de un 100% en el boleto.<\/p>\n<p><a href=\"https:\/\/www.mendoza.gov.ar\/prensa\/wp-content\/uploads\/sites\/23\/MG_0073.jpg\"><img loading=\"lazy\" class=\"alignnone wp-image-76662 img-responsive center-block\" src=\"https:\/\/www.mendoza.gov.ar\/prensa\/wp-content\/uploads\/sites\/23\/MG_0073.jpg\" alt=\"\" width=\"650\" height=\"433\"><\/a><\/p>\n<p>&ldquo;No se habla de inversiones, (poniendo como ejemplo la incorporaci&oacute;n del Metrotranv&iacute;a) ni de costo de boleto pero si se le echa la culpa a los trabajadores jact&aacute;ndolo de vagos&rdquo;, coment&oacute; el legislador.<\/p>\n<p>Detall&oacute; adem&aacute;s los puntos con los que discierne: que el 51% est&eacute; en manos del Estado, que tenga usufructo privado, que se estatice la actividad de los trabajadores y que los empleados de EPTM no est&eacute;n sujetos a la ley provincial del empleado p&uacute;blico ya que pierden estabilidad laboral.<\/p>\n<p>En tanto, la senadora Noelia Barbeito expuso: &ldquo;Los trabajadores est&aacute;n sufriendo una persecuci&oacute;n en sus lugares de trabajo; incluso esta ma&ntilde;ana la polic&iacute;a fue con sus perros para reprimir. Nos parece terrible no s&oacute;lo que se pretenda votar la privatizaci&oacute;n sino que se pretenda hacer en medio de las fiestas y el Gobernador ante esto pretende que nadie chiste&rdquo;.<\/p>\n<p>&ldquo;Repudiamos completamente esa actitud de los empleados que no s&oacute;lo defienden sus puestos de trabajo sino que defienden la empresa de transporte que es de todos los mendocinos&rdquo;, adujo la representante del FIT.<\/p>\n<p>Luego, la senadora Olga Bianchinelli pidi&oacute; respeto por las palabras curadas por los representantes del FIT. Adem&aacute;s solicit&oacute; que se cree una mesa integrada de transporte p&uacute;blico de pasajeros que bregue por proteger a los empleados de EPTM.<\/p>\n<p>El senador Luis Bohm adujo que dicho proyecto modifica el sistema de transporte urbano sin tener conocimiento de algunos alcances por lo que lo calific&oacute; de improvisado. &ldquo;Esto huele a negociado y a privilegio y no a intentar mejorar el servicio&rdquo;.<\/p>\n<p>Adem&aacute;s coment&oacute; que esta norma es la negaci&oacute;n a la pol&iacute;tica p&uacute;blica de transporte, no s&oacute;lo desde la parte del plan. Y a&ntilde;adi&oacute;: &ldquo;Esto es volver al pasado e implica una desinversi&oacute;n y es trasferencia directa de las arcas. Es la l&oacute;gica de los 90 y huele a nuevos negociados&rdquo;.<\/p>\n<p>Gustavo Arenas adelant&oacute; su voto negativo a la media sanci&oacute;n de Diputados y justific&oacute; su postura que la adujo que &ldquo;la privatizaci&oacute;n de esta empresa est&aacute; en la misma l&iacute;nea que plantea Macri&rdquo;.<\/p>\n<p>El senador Guillermo Amstutz plante&oacute; su posici&oacute;n en cuanto al tratamiento del proyecto enviado por el Poder Ejecutivo. Brind&oacute; adem&aacute;s cifras en cuanto a las inversiones que se han realizado en los &uacute;ltimos a&ntilde;os. &ldquo;Se aplaudi&oacute; a Mendoza por la incorporaci&oacute;n de tecnolog&iacute;a propia. Este a&ntilde;o no se invisti&oacute; un centavo y esto gener&oacute; no s&oacute;lo que no se generara trabajo, sino que tampoco pudo generarse independencia. No hubo inversiones de ning&uacute;n tipo con la idea de terminar con&nbsp;la EPTM&nbsp;sin poder demostrar su eficiencia&rdquo;.<\/p>\n<p>Mario Lingua sostuvo que no es el momento de tratar esta iniciativa ya que considera que el mismo debe ser analizado de otra forma, contemplando la opini&oacute;n de la oposici&oacute;n, por lo que sostuvo que votar&aacute; la norma de manera negativa.<\/p>\n<p>En&nbsp; tanto, el senador Omar Benegas coment&oacute;: &ldquo;No me interesa, ni va a cambiar todo lo que podamos expresar ya que el bloque oficialista ha determinando que la suerte est&eacute; echada&rdquo;.<\/p>\n<p>Por su parte, el senador Juan Agulles coment&oacute; que la empresa de transporte va a tener que contar con tres directores titulares y una sindicatura colegiada y ellos que no est&aacute; mencionado en el proyecto. Adem&aacute;s mencion&oacute; otros puntos que son fundamentales y no est&aacute;n especificados en la propuesta enviada por el Ejecutivo.<\/p>\n<p>En tanto, el senador Ernesto Mancinelli se abstendr&aacute; de votar y la senadora Ana Sevilla adelant&oacute; que votar&aacute; de forma negativa.<\/p>\n<p><strong>&nbsp;Alcances de la norma<\/strong><\/p>\n<p>Por esta iniciativa se&nbsp;dispone la constituci&oacute;n de&nbsp;la Sociedad&nbsp;de Transporte de Mendoza bajo la forma de Sociedad An&oacute;nima (de acuerdo a&nbsp;la Ley&nbsp;19.550 y sus modificatorias), por lo que el paquete accionario original pertenecer&aacute; en un cien por ciento (100%) a&nbsp;la Provincia&nbsp;de Mendoza, siendo el subtipo inicial el de Sociedad An&oacute;nima Unipersonal. Adem&aacute;s queda, en un futuro, prohibido transferir m&aacute;s del cuarenta y nueve por ciento (49%) de las acciones, para garantizar la participaci&oacute;n mayoritaria del Estado en todo momento. Se aclara que las acciones solo podr&aacute;n ser transferidas previa autorizaci&oacute;n otorgada por Ley de&nbsp;la Legislatura.<\/p>\n<p>La norma establece la modalidad de &ldquo;acceso abierto a la red el&eacute;ctrica provincial para la operaci&oacute;n de dichos modos de transporte p&uacute;blico terrestre de pasajeros&rdquo;; para permitir que cualquier operador, previa autorizaci&oacute;n o concesi&oacute;n, pueda utilizar la red.<\/p>\n<p>La Sociedad&nbsp;de Transporte de Mendoza tendr&aacute; como objeto social la prestaci&oacute;n por s&iacute; o por terceros, o asociada a terceros de servicios de transporte p&uacute;blico de pasajeros en&nbsp;la Mendoza, generando las condiciones id&oacute;neas para la prestaci&oacute;n eficaz y eficiente del servicio p&uacute;blico regular masivo de transporte de pasajeros, atendiendo a los lineamientos de la pol&iacute;tica provincial que en materia de transporte fije&nbsp;la Secretar&iacute;a&nbsp;de Servicios P&uacute;blicos y los par&aacute;metros previstos en esta ley.<\/p>\n<p>Respecto del personal, la ley establece que estar&aacute; vinculado laboralmente a&nbsp;la Sociedad&nbsp;de Transporte de Mendoza &ldquo;por&nbsp;la Ley&nbsp;de Contrato de Trabajo (en adelante LCT) y al Convenio Colectivo de Trabajo que deber&aacute; suscribir en el t&eacute;rmino de ciento ochenta (180) d&iacute;as con la entidad sindical que surge de&nbsp;la Resoluci&oacute;n N&ordm; 1338\/2013 del Ministerio de Trabajo, Empleo y Seguridad Social de&nbsp;la Naci&oacute;n&rdquo;. Adem&aacute;s &ldquo;durante el plazo indicado en el presente se seguir&aacute; rigiendo por las condiciones laborales vigentes y\/o por las que se acuerden con la entidad gremial que surge de&nbsp;la Resoluci&oacute;n&nbsp;aludida&rdquo;.<\/p>\n<p>Destaca tambi&eacute;n que: &ldquo;en el caso de despido sin causa justificada dentro de los dos (2) primeros a&ntilde;os a partir de la nueva vinculaci&oacute;n laboral, tendr&aacute; derecho a percibir el doble de las indemnizaciones que le hubieren correspondido como consecuencia de la extinci&oacute;n laboral&rdquo;.<\/p>\n<p>El Poder Ejecutivo deber&aacute; ofrecer a todos los trabajadores, sin excepci&oacute;n alguna, una fuente de trabajo de conformidad con alguna de las siguientes alternativas:<\/p>\n<ol>\n<li>a) Incorporaci&oacute;n voluntaria ala STM, conforme lo dispuesto en la presente Ley, y previa aceptaci&oacute;n por parte del Directorio dela Sociedad An&oacute;nima; quien deber&aacute; seleccionar dentro del total de los Trabajadores de&nbsp;la EPTM, los que posean mejores antecedentes laborales y acrediten mayor experiencia y capacidad para la prestaci&oacute;n efectiva de la labor que debe llevar adelante&nbsp;la STM&rdquo;. El Directorio de&nbsp;la STM&nbsp;deber&aacute; ofrecer a todas las&nbsp;mujeres que en la actualidad se desempe&ntilde;an como choferes en&nbsp;la EPTM&nbsp;continuar con igual labor en&nbsp;la Sociedad&nbsp;de Transporte de Mendoza previo a la decisi&oacute;n del Directorio, al respecto, deber&aacute; tener presente las inquietudes, acuerdos y observaciones que disponga la comisi&oacute;n creada por la ley.<\/li>\n<\/ol>\n<p>Quien no sea seleccionado por las autoridades de&nbsp;la Sociedad&nbsp;de Transporte de Mendoza o manifieste su voluntad de no incorporarse a la misma, podr&aacute; ser reubicado en otras dependencias dentro del &aacute;mbito de&nbsp;la Administraci&oacute;n P&uacute;blica&nbsp;Provincial.<\/p>\n<p>Esta ley &nbsp;establece tambi&eacute;n autorizaci&oacute;n al Ejecutivo para &ldquo;suprimir los cargos de&nbsp;la Sociedad&nbsp;de Transporte de Mendoza y a crear los cargos y\/o utilizar las vacantes existentes a fin de reubicar su personal en otras &aacute;reas de la administraci&oacute;n p&uacute;blica provincial. En tal sentido, deber&aacute; tenerse en cuenta la categor&iacute;a profesional y la remuneraci&oacute;n que actualmente desempe&ntilde;a, brind&aacute;ndose en su caso, la capacitaci&oacute;n correspondiente. A los efectos de la remuneraci&oacute;n deber&aacute; garantizarse el salario bruto por todo concepto devengado por el trabajador al momento de la transferencia. En el supuesto, que la nueva categorizaci&oacute;n tenga una remuneraci&oacute;n bruta menor se fijar&aacute; un adicional remunerativo compensatorio dentro de su nuevo salario. La reubicaci&oacute;n que se acuerde deber&aacute; ser suscripta ante&nbsp;la Subsecretar&iacute;a&nbsp;de Trabajo y Empleo&rdquo;.<\/p>\n<p>Otra alternativa en el articulado es el &ldquo;sistema de retiro anticipado, de car&aacute;cter voluntario de conformidad con las disposiciones del art&iacute;culo 31 de&nbsp;la Ley N&ordm; 6921 de reforma del estado y la reglamentaci&oacute;n pertinente&rdquo;.<\/p>\n<p>Por &uacute;ltimo, para el caso del personal que no quede comprendido en alguna de las posibilidades expuestas, &ldquo;se les aplicar&aacute; el procedimiento correspondiente al de la supresi&oacute;n de un organismo del Estado previsto en el art&iacute;culo 17 del Decreto 560\/1973&rdquo;.<\/p>\n<p>De este modo, y en relaci&oacute;n a los trabajadores de la empresa, la media sanci&oacute;n subraya que &ldquo;a los fines de dar seguimiento de lo dispuesto en esta Ley respecto de los trabajadores, se conformar&aacute; una Comisi&oacute;n que debe ser integrada por dos representantes por cada C&aacute;mara Legislativa, un representante del gremio de mayor representatividad, un representante del Poder Ejecutivo y un representante de&nbsp;la Sociedad&nbsp;de Transporte de Mendoza&rdquo;. La comisi&oacute;n &ldquo;tendr&aacute; las facultades de asesoramiento y resoluci&oacute;n de situaciones conflictivas que requiera el trabajador y emitir&aacute; si es necesario dictamen sobre el tema requerido a su tratamiento&rdquo;.<\/p>\n<p>Las inversiones para la adquisici&oacute;n de material rodante y dem&aacute;s elementos, la norma autoriza a&nbsp;la Secretar&iacute;a&nbsp;de Servicios P&uacute;blicos &ldquo;a invertir hasta la suma de $ 25.000.000 con destino a la adquisici&oacute;n de trolebuses, &oacute;mnibus, h&iacute;bridos y elementos destinados al metrotranv&iacute;a urbano de pasajeros los que ser&aacute;n financiados con Rentas Generales y\/o financiamiento 210 (Ley 7412-I.A-E.P.R.TRANSP.-TASA INSPECCION) y\/o financiamiento 222 (Ley 7412 Art. 72- Inc. b-c-d-e-f- E.P.R.T.P.) y\/o con el financiamiento que&nbsp;la Secretar&iacute;a&nbsp;de Servicios P&uacute;blicos determine.&nbsp;La Secretar&iacute;a&nbsp;de Servicios P&uacute;blicos queda facultada a transferir los bienes adquiridos por este concepto a la a&nbsp;la Sociedad&nbsp;de Transporte de Mendoza en concepto de aporte de capital&rdquo;.<\/p>\n<p>Por &uacute;ltimo la ley deroga el Decreto Ley 825\/1958, por el cual el funcionamiento de la empresa se reg&iacute;a hasta el momento.<\/p>\n<\/body><\/html>\n","protected":false},"excerpt":{"rendered":"En sesi\u00f3n especial, la C\u00e1mara Alta convirti\u00f3 en ley el proyecto enviado por el Poder Ejecutivo por el que se crea la Sociedad de Transporte de Mendoza (STM), en lugar de la Empresa Provincial de Transporte de Mendoza (EPTM). La propuesta fue aprobada por 20 votos afirmativos, 16 negativos y una abstenci\u00f3n. La norma pasa al Poder Ejecutivo para su promulgaci\u00f3n.","protected":false},"author":76,"featured_media":76663,"comment_status":"open","ping_status":"open","sticky":false,"template":"","format":"standard","meta":[],"categories":[1786],"tags":[],"_links":{"self":[{"href":"https:\/\/www.mendoza.gov.ar\/prensa\/wp-json\/wp\/v2\/posts\/76656"}],"collection":[{"href":"https:\/\/www.mendoza.gov.ar\/prensa\/wp-json\/wp\/v2\/posts"}],"about":[{"href":"https:\/\/www.mendoza.gov.ar\/prensa\/wp-json\/wp\/v2\/types\/post"}],"author":[{"embeddable":true,"href":"https:\/\/www.mendoza.gov.ar\/prensa\/wp-json\/wp\/v2\/users\/76"}],"replies":[{"embeddable":true,"href":"https:\/\/www.mendoza.gov.ar\/prensa\/wp-json\/wp\/v2\/comments?post=76656"}],"version-history":[{"count":0,"href":"https:\/\/www.mendoza.gov.ar\/prensa\/wp-json\/wp\/v2\/posts\/76656\/revisions"}],"wp:featuredmedia":[{"embeddable":true,"href":"https:\/\/www.mendoza.gov.ar\/prensa\/wp-json\/wp\/v2\/media\/76663"}],"wp:attachment":[{"href":"https:\/\/www.mendoza.gov.ar\/prensa\/wp-json\/wp\/v2\/media?parent=76656"}],"wp:term":[{"taxonomy":"category","embeddable":true,"href":"https:\/\/www.mendoza.gov.ar\/prensa\/wp-json\/wp\/v2\/categories?post=76656"},{"taxonomy":"post_tag","embeddable":true,"href":"https:\/\/www.mendoza.gov.ar\/prensa\/wp-json\/wp\/v2\/tags?post=76656"}],"curies":[{"name":"wp","href":"https:\/\/api.w.org\/{rel}","templated":true}]}}