{"id":76730,"date":"2016-12-27T22:09:55","date_gmt":"2016-12-28T01:09:55","guid":{"rendered":"http:\/\/prensa.mendoza.gov.ar\/?p=76730"},"modified":"2016-12-27T22:09:55","modified_gmt":"2016-12-28T01:09:55","slug":"gobierno-firmara-acuerdos-con-los-intendentes-de-rivadavia-y-junin","status":"publish","type":"post","link":"https:\/\/www.mendoza.gov.ar\/prensa\/gobierno-firmara-acuerdos-con-los-intendentes-de-rivadavia-y-junin\/","title":{"rendered":"Gobierno firmar\u00e1 acuerdos con los intendentes de Rivadavia y Jun\u00edn"},"content":{"rendered":"<!DOCTYPE html PUBLIC \"-\/\/W3C\/\/DTD HTML 4.0 Transitional\/\/EN\" \"http:\/\/www.w3.org\/TR\/REC-html40\/loose.dtd\">\n<html><body><div dir=\"auto\">El Ministerio de Gobierno, Trabajo y Justicia de Mendoza acordar&aacute; este mi&eacute;rcoles avanzar en la documentaci&oacute;n de los ni&ntilde;os que concurren a los jardines maternales de los departamentos de Rivadavia y Jun&iacute;n, como as&iacute; tambi&eacute;n impulsar las oficinas de Defensa del Consumidor dependientes de ambas comunas para optimizar sus servicios.<\/div>\n<div dir=\"auto\"><\/div>\n<div dir=\"auto\">De los actos participar&aacute;n el jefe de Gabinete, Carlos Segura, y el subsecretario de Justicia y Relaciones Institucionales, Marcelo D&rsquo;Agostino, y los intendentes Miguel Ronco y Mario Abed, respectivamente. Adem&aacute;s, estar&aacute;n presentes Enzo Rizzo, director del Registro Civil, y M&oacute;nica Lucero de Nofal, titular de la Direcci&oacute;n provincial de Defensa del Consumidor.<\/div>\n<div dir=\"auto\"><\/div>\n<div dir=\"auto\">Primeramente, la r&uacute;brica de convenios se desarrollar&aacute; en la intendencia de Rivadavia, donde se acordar&aacute;n definir, por un lado, las etapas para la documentaci&oacute;n de chicos menores de cinco a&ntilde;os y, posteriormente, de los ni&ntilde;os ubicados en la franja de 5 a 8 a&ntilde;os; y, por el otro, designar al personal que atender&aacute; cada una de las oficinas de Defensa del Consumidor que depender&aacute;n de las comunas y que recibir&aacute;n asistencia t&eacute;cnica y capacitaci&oacute;n de parte de la provincia.<\/div>\n<div dir=\"auto\"><\/div>\n<div dir=\"auto\">Luego de ello, los funcionarios provinciales se trasladar&aacute;n al municipio de Jun&iacute;n, con el mismo prop&oacute;sito, pudiendo all&iacute; establecer con el intendente Mario Abed los lineamientos de sendos acuerdos.<\/div>\n<div dir=\"auto\"><\/div>\n<div dir=\"auto\">En ambos casos, los municipios deber&aacute;n disponer de los medios necesarios para el traslado de los ni&ntilde;os hasta la oficina del Registro Civil m&aacute;s pr&oacute;xima y regreso al jard&iacute;n maternal o jard&iacute;n infante, lo que simplificar&aacute; el tr&aacute;mite para los padres en una gesti&oacute;n accesible y gratuita en todo su proceso.<\/div>\n<div dir=\"auto\"><\/div>\n<div dir=\"auto\">Asimismo, las comunas establecer&aacute;n qui&eacute;nes llevar&aacute;n adelante las oficinas de Defensa del consumidor y los lugares m&aacute;s apropiados para la atenci&oacute;n de los vecinos de esos departamentos, siendo la Direcci&oacute;n de Defensa del Consumidor provincial responsable de la capacitaci&oacute;n y actualizaci&oacute;n de ese personal, y apoyo en la disposici&oacute;n de nuevas herramientas que permitan transparentar y agilizar los tr&aacute;mites administrativos.<\/div>\n<div dir=\"auto\"><\/div>\n<div dir=\"auto\">Cabe agregar que con esos acuerdos los municipios firmantes recibir&aacute;n el 50% del producido de las multas que se impongan a las empresas o entidades sancionadas, cuyas denuncias hayan tenido origen concreto en los departamentos; los ingresos que as&iacute; se generasen podr&aacute;n ser destinados al fortalecimiento de las &aacute;reas en cada oficina de Defensa del Consumidor municipal.<\/div>\n<\/body><\/html>\n","protected":false},"excerpt":{"rendered":"Los convenios permitir\u00e1n completar la documentaci\u00f3n de los ni\u00f1os que asisten a los jardines maternales y optimizar la gesti\u00f3n de consultas y denuncias en materia de Defensa del Consumidor. De los actos participar\u00e1n funcionarios provinciales y municipales.","protected":false},"author":76,"featured_media":0,"comment_status":"open","ping_status":"open","sticky":false,"template":"","format":"standard","meta":[],"categories":[20],"tags":[],"_links":{"self":[{"href":"https:\/\/www.mendoza.gov.ar\/prensa\/wp-json\/wp\/v2\/posts\/76730"}],"collection":[{"href":"https:\/\/www.mendoza.gov.ar\/prensa\/wp-json\/wp\/v2\/posts"}],"about":[{"href":"https:\/\/www.mendoza.gov.ar\/prensa\/wp-json\/wp\/v2\/types\/post"}],"author":[{"embeddable":true,"href":"https:\/\/www.mendoza.gov.ar\/prensa\/wp-json\/wp\/v2\/users\/76"}],"replies":[{"embeddable":true,"href":"https:\/\/www.mendoza.gov.ar\/prensa\/wp-json\/wp\/v2\/comments?post=76730"}],"version-history":[{"count":0,"href":"https:\/\/www.mendoza.gov.ar\/prensa\/wp-json\/wp\/v2\/posts\/76730\/revisions"}],"wp:attachment":[{"href":"https:\/\/www.mendoza.gov.ar\/prensa\/wp-json\/wp\/v2\/media?parent=76730"}],"wp:term":[{"taxonomy":"category","embeddable":true,"href":"https:\/\/www.mendoza.gov.ar\/prensa\/wp-json\/wp\/v2\/categories?post=76730"},{"taxonomy":"post_tag","embeddable":true,"href":"https:\/\/www.mendoza.gov.ar\/prensa\/wp-json\/wp\/v2\/tags?post=76730"}],"curies":[{"name":"wp","href":"https:\/\/api.w.org\/{rel}","templated":true}]}}