{"id":76735,"date":"2016-12-28T08:31:50","date_gmt":"2016-12-28T11:31:50","guid":{"rendered":"http:\/\/prensa.mendoza.gov.ar\/?p=76735"},"modified":"2016-12-28T08:31:50","modified_gmt":"2016-12-28T11:31:50","slug":"iscamen-recuerda-que-no-esta-permitido-el-ingreso-de-frutas-y-hortalizas-a-la-provincia","status":"publish","type":"post","link":"https:\/\/www.mendoza.gov.ar\/prensa\/iscamen-recuerda-que-no-esta-permitido-el-ingreso-de-frutas-y-hortalizas-a-la-provincia\/","title":{"rendered":"Iscamen recuerda que no est\u00e1 permitido el ingreso de frutas y hortalizas a la provincia"},"content":{"rendered":"<!DOCTYPE html PUBLIC \"-\/\/W3C\/\/DTD HTML 4.0 Transitional\/\/EN\" \"http:\/\/www.w3.org\/TR\/REC-html40\/loose.dtd\">\n<html><body><div id=\"m_-5334070119623210548yiv9875548877yui_3_16_0_ym19_1_1482859135526_86710\">Tras la reciente recuperaci&oacute;n del estatus sanitario de los Oasis Centro y Sur como libres de mosca de los frutos, el Instituto de Sanidad y Calidad Agropecuaria de Mendoza (Iscamen) redobla los esfuerzos para proteger la sanidad de la producci&oacute;n local. Es por eso que recuerda a la poblaci&oacute;n que est&aacute; prohibido ingresar frutas y hortalizas a la provincia.<\/div>\n<div id=\"m_-5334070119623210548yiv9875548877yui_3_16_0_ym19_1_1482859135526_86727\"><span id=\"m_-5334070119623210548yiv9875548877yui_3_16_0_ym19_1_1482859135526_86728\" lang=\"ES-AR\">&nbsp;<\/span><\/div>\n<div id=\"m_-5334070119623210548yiv9875548877yui_3_16_0_ym19_1_1482859135526_86729\"><span id=\"m_-5334070119623210548yiv9875548877yui_3_16_0_ym19_1_1482859135526_86731\" lang=\"ES-AR\">La colaboraci&oacute;n de quienes ingresan a Mendoza, sobre todo en &eacute;poca estival, es un factor determinante a la hora de agilizar el tr&aacute;nsito y evitar demoras. Por ello es necesario evitar traer productos que comprometan el patrimonio fitosanitario.<\/span><\/div>\n<div id=\"m_-5334070119623210548yiv9875548877yui_3_16_0_ym19_1_1482859135526_86733\"><em id=\"m_-5334070119623210548yiv9875548877yui_3_16_0_ym19_1_1482859135526_86734\"><span id=\"m_-5334070119623210548yiv9875548877yui_3_16_0_ym19_1_1482859135526_86735\" lang=\"ES-AR\">&nbsp;<\/span><\/em><\/div>\n<div id=\"m_-5334070119623210548yiv9875548877yui_3_16_0_ym19_1_1482859135526_86736\"><span id=\"m_-5334070119623210548yiv9875548877yui_3_16_0_ym19_1_1482859135526_86737\" lang=\"ES-AR\">Las especies vegetales que tienen restringido el ingreso al territorio provincial son:<\/span><span id=\"m_-5334070119623210548yiv9875548877yui_3_16_0_ym19_1_1482859135526_86738\" lang=\"ES-AR\"> c<\/span><span id=\"m_-5334070119623210548yiv9875548877yui_3_16_0_ym19_1_1482859135526_86739\" lang=\"ES-AR\">erezo, damasco, pera, durazno, membrillo, palta (excepto variedad hass), manzana, c&iacute;tricos,&nbsp;olivo maduro, uva, pimiento, granada, higo, kiwi, ciruelo, n&iacute;spero, ar&aacute;ndano, babaco, carambola, chirimoya, &nbsp;frambuesa, guanabana, guayaba, kaki, litchi, locoto, l&uacute;cuma, mango, maracuy&aacute;, nectarina, &nbsp;papaya, pasionaria, pepino dulce, tomate de &aacute;rbol, tuna, y uchuba.<\/span><\/div>\n<div id=\"m_-5334070119623210548yiv9875548877yui_3_16_0_ym19_1_1482859135526_86741\"><span id=\"m_-5334070119623210548yiv9875548877yui_3_16_0_ym19_1_1482859135526_86742\" lang=\"ES-AR\">&nbsp;<\/span><\/div>\n<div id=\"m_-5334070119623210548yiv9875548877yui_3_16_0_ym19_1_1482859135526_86743\"><span id=\"m_-5334070119623210548yiv9875548877yui_3_16_0_ym19_1_1482859135526_86744\" lang=\"ES-AR\">Estos productos son denominados hospederos vegetales, es decir son <\/span><em id=\"m_-5334070119623210548yiv9875548877yui_3_16_0_ym19_1_1482859135526_86745\"><span id=\"m_-5334070119623210548yiv9875548877yui_3_16_0_ym19_1_1482859135526_86746\" lang=\"ES-AR\">&nbsp;<\/span><\/em><em id=\"m_-5334070119623210548yiv9875548877yui_3_16_0_ym19_1_1482859135526_86747\"><span id=\"m_-5334070119623210548yiv9875548877yui_3_16_0_ym19_1_1482859135526_86748\" lang=\"ES-AR\">f<\/span><\/em><span id=\"m_-5334070119623210548yiv9875548877yui_3_16_0_ym19_1_1482859135526_86748\" lang=\"ES-AR\">rutas o verduras susceptibles al ataque de moscas de los frutos y que pueden&nbsp; &ldquo;hospedar&rdquo;&nbsp; a la plaga, ya sea en estado de huevo o de larva. Dado que el ingreso de la plaga puede poner en riesgo todo el trabajo que se realiza para su control o erradicaci&oacute;n, se restringe o proh&iacute;be su ingreso.<\/span><em id=\"m_-5334070119623210548yiv9875548877yui_3_16_0_ym19_1_1482859135526_86749\"><span id=\"m_-5334070119623210548yiv9875548877yui_3_16_0_ym19_1_1482859135526_86750\" lang=\"ES-AR\"><\/span><\/em><\/div>\n<div><\/div>\n<div><strong>Sistema integrado<\/strong><\/div>\n<div id=\"m_-5334070119623210548yiv9875548877yui_3_16_0_ym19_1_1482859135526_86752\"><span id=\"m_-5334070119623210548yiv9875548877yui_3_16_0_ym19_1_1482859135526_86753\" lang=\"ES-AR\">&nbsp;<\/span><\/div>\n<div id=\"m_-5334070119623210548yiv9875548877yui_3_16_0_ym19_1_1482859135526_86754\"><span id=\"m_-5334070119623210548yiv9875548877yui_3_16_0_ym19_1_1482859135526_86755\" lang=\"ES-AR\">Mendoza, es una de las principales provincias agropecuarias de Argentina; actualmente sus m&aacute;s de 300 mil hect&aacute;reas la convierten en la primera productora vit&iacute;cola y frut&iacute;cola del pa&iacute;s. Para la protecci&oacute;n de sus cultivos, la Provincia implementa un sistema integrado para el control de plagas agr&iacute;colas, con el fin de generar las condiciones de sanidad necesarias para acceder a diversos mercados; utilizando t&eacute;cnicas de control integradas, medioambientales y alternativas al uso de productos agroqu&iacute;micos.<\/span><\/div>\n<div id=\"m_-5334070119623210548yiv9875548877yui_3_16_0_ym19_1_1482859135526_86757\"><span id=\"m_-5334070119623210548yiv9875548877yui_3_16_0_ym19_1_1482859135526_86758\" lang=\"ES-AR\">&nbsp;<\/span><\/div>\n<div>Desde su creaci&oacute;n, el Sistema Integral de Barreras Sanitarias ha sumado una serie de actividades para lo cual ha adaptado su infraestructura, tanto edilicia como de recursos humanos y materiales, al adecuado cumplimiento de sus objetivos. Las barreras, por el r&eacute;gimen laboral de los agentes, trabajan 24 horas, durante todo el a&ntilde;o.<\/div>\n<\/body><\/html>\n","protected":false},"excerpt":{"rendered":"En v\u00edspera de vacaciones, el organismo advierte que es para proteger la calidad fitosanitaria de la producci\u00f3n agr\u00edcola provincial. La medida abarca a veh\u00edculos particulares y encomiendas.","protected":false},"author":61,"featured_media":76736,"comment_status":"open","ping_status":"open","sticky":false,"template":"","format":"standard","meta":[],"categories":[1],"tags":[],"_links":{"self":[{"href":"https:\/\/www.mendoza.gov.ar\/prensa\/wp-json\/wp\/v2\/posts\/76735"}],"collection":[{"href":"https:\/\/www.mendoza.gov.ar\/prensa\/wp-json\/wp\/v2\/posts"}],"about":[{"href":"https:\/\/www.mendoza.gov.ar\/prensa\/wp-json\/wp\/v2\/types\/post"}],"author":[{"embeddable":true,"href":"https:\/\/www.mendoza.gov.ar\/prensa\/wp-json\/wp\/v2\/users\/61"}],"replies":[{"embeddable":true,"href":"https:\/\/www.mendoza.gov.ar\/prensa\/wp-json\/wp\/v2\/comments?post=76735"}],"version-history":[{"count":0,"href":"https:\/\/www.mendoza.gov.ar\/prensa\/wp-json\/wp\/v2\/posts\/76735\/revisions"}],"wp:featuredmedia":[{"embeddable":true,"href":"https:\/\/www.mendoza.gov.ar\/prensa\/wp-json\/wp\/v2\/media\/76736"}],"wp:attachment":[{"href":"https:\/\/www.mendoza.gov.ar\/prensa\/wp-json\/wp\/v2\/media?parent=76735"}],"wp:term":[{"taxonomy":"category","embeddable":true,"href":"https:\/\/www.mendoza.gov.ar\/prensa\/wp-json\/wp\/v2\/categories?post=76735"},{"taxonomy":"post_tag","embeddable":true,"href":"https:\/\/www.mendoza.gov.ar\/prensa\/wp-json\/wp\/v2\/tags?post=76735"}],"curies":[{"name":"wp","href":"https:\/\/api.w.org\/{rel}","templated":true}]}}