{"id":76747,"date":"2016-12-28T13:07:45","date_gmt":"2016-12-28T16:07:45","guid":{"rendered":"http:\/\/prensa.mendoza.gov.ar\/?p=76747"},"modified":"2016-12-28T13:07:45","modified_gmt":"2016-12-28T16:07:45","slug":"cornejo-queremos-un-sistema-de-vivienda-publica-fluido-y-amplio","status":"publish","type":"post","link":"https:\/\/www.mendoza.gov.ar\/prensa\/cornejo-queremos-un-sistema-de-vivienda-publica-fluido-y-amplio\/","title":{"rendered":"Cornejo: &#8220;Queremos un sistema de vivienda p\u00fablica fluido y amplio&#8221;"},"content":{"rendered":"<!DOCTYPE html PUBLIC \"-\/\/W3C\/\/DTD HTML 4.0 Transitional\/\/EN\" \"http:\/\/www.w3.org\/TR\/REC-html40\/loose.dtd\">\n<html><body><p>El Gobernador Alfredo Cornejo; el intendente de San Rafael, Emir F&eacute;lix, y el titular&nbsp;del Instituto Provincial de la Vivienda (IPV), Dami&aacute;n Salamone, entregaron&nbsp;37 viviendas en el departamento de San Rafael.<\/p>\n<p>Los funcionarios se dirigieron al barrio El Pilar II, ubicado&nbsp;en calle G&uuml;iraldes y Bra&ntilde;a de la ciudad cabecera del departamento. All&iacute;, 16 familias recibieron las llaves de su nueva casa.<\/p>\n<p>Durante la entrega, el mandatario provincial dijo: &ldquo;Este es un barrio que se inici&oacute; en el 2013 y que estamos finalizando ahora a fines del 2016. Han pasado muchos a&ntilde;os para que se concrete la obra. Estuvo parado ocho&nbsp;meses con un avance de obra inferior al 1% y, por ello, es uno de los que decidimos priorizar para financiar y poder entregar&rdquo;.<\/p>\n<p>&ldquo;Como la situaci&oacute;n de este barrio, hay muchos en la provincia, lo que no nos permite mirar con proyecci&oacute;n ambiciosa para el futuro, por m&aacute;s que la tenemos. Somos conscientes del d&eacute;ficit importante que hay de viviendas pero queremos hacer las cosas de forma responsable, empezar y terminar los barrios en los tiempos concretos que dicen los contratos. Esta es la mejor forma de ahorrarles plata al fisco y a los ciudadanos que financian este tipo de obras con sus impuestos&rdquo;, agreg&oacute; el Gobernador.<\/p>\n<p>En referencia a la alta demanda de vivienda propia que tienen los mendocinos, el jefe del Ejecutivo provincial explic&oacute;: &ldquo;Hoy en San Rafael tenemos m&aacute;s de 500 casas en construcci&oacute;n, esperamos en el 2017 arrancar y terminar otras tantas, vamos en la direcci&oacute;n correcta. Estoy orgulloso de poder concluir estas casas, pero tambi&eacute;n entiendo que nos queda mucho por hacer, para tener un sistema de vivienda p&uacute;blica fluido y amplio para que le llegue a mucha m&aacute;s gente&rdquo;.<\/p>\n<p>&ldquo;Debe ser una pol&iacute;tica de Estado la construcci&oacute;n de vivienda p&uacute;blica, necesitamos un c&iacute;rculo virtuoso, que cada uno pague sus cuotas, que la Provincia este al d&iacute;a con sus proveedores, que la Naci&oacute;n entregue su recursos, que bajen los costos y, si sigue bajando la tasa de inter&eacute;s, el sector se va reactivar. Esto debe sumarse a una relaci&oacute;n empresa-sindicato-gobierno fluida, as&iacute; podremos concluir los plazos que nos hemos fijado para los tres&nbsp;a&ntilde;os que restan de gesti&oacute;n. Queremos que nos midan desde donde arrancamos y con lo que recibimos&rdquo;, finaliz&oacute; Cornejo.<\/p>\n<p><a href=\"https:\/\/www.mendoza.gov.ar\/prensa\/wp-content\/uploads\/sites\/23\/adetro.jpg\"><img loading=\"lazy\" class=\"alignnone wp-image-76766 img-responsive center-block\" src=\"https:\/\/www.mendoza.gov.ar\/prensa\/wp-content\/uploads\/sites\/23\/adetro.jpg\" alt=\"\" width=\"650\" height=\"417\"><\/a><\/p>\n<p>A mitad de ma&ntilde;ana, el Gobernador&nbsp;se dirigi&oacute; al barrio&nbsp;Sitravi, ubicado en las calles Emilio Civit y Uruguay, de la Ciudad de San Rafael. All&iacute;, junto con los funcionarios del gabinete provincial, entreg&oacute; 21 viviendas.<\/p>\n<p>Al momento de la inauguraci&oacute;n, el mandatario expres&oacute;: &ldquo;Priorizamos los barrios que estaban iniciados y no quisimos empezar nada nuevo hasta no terminar la obra parada y los proyectos que estaban detenidos. Les pedimos paciencia a todas las personas que est&aacute;n esperando a&uacute;n por contar con una vivienda propia&rdquo;.<\/p>\n<p><a href=\"https:\/\/www.mendoza.gov.ar\/prensa\/wp-content\/uploads\/sites\/23\/dentro12.jpg\"><img loading=\"lazy\" class=\"alignnone wp-image-76767 img-responsive center-block\" src=\"https:\/\/www.mendoza.gov.ar\/prensa\/wp-content\/uploads\/sites\/23\/dentro12.jpg\" alt=\"\" width=\"650\" height=\"432\"><\/a><\/p>\n<p>&nbsp;<\/p>\n<p>&nbsp;<\/p>\n<\/body><\/html>\n","protected":false},"excerpt":{"rendered":"El Gobernador entreg\u00f3 37 casas en los barrios El Pilar II y Sitravi de San Rafael. Para 2017, anunci\u00f3 la construcci\u00f3n de 3 mil viviendas en toda Mendoza. ","protected":false},"author":77,"featured_media":76765,"comment_status":"open","ping_status":"open","sticky":false,"template":"","format":"standard","meta":[],"categories":[19],"tags":[],"_links":{"self":[{"href":"https:\/\/www.mendoza.gov.ar\/prensa\/wp-json\/wp\/v2\/posts\/76747"}],"collection":[{"href":"https:\/\/www.mendoza.gov.ar\/prensa\/wp-json\/wp\/v2\/posts"}],"about":[{"href":"https:\/\/www.mendoza.gov.ar\/prensa\/wp-json\/wp\/v2\/types\/post"}],"author":[{"embeddable":true,"href":"https:\/\/www.mendoza.gov.ar\/prensa\/wp-json\/wp\/v2\/users\/77"}],"replies":[{"embeddable":true,"href":"https:\/\/www.mendoza.gov.ar\/prensa\/wp-json\/wp\/v2\/comments?post=76747"}],"version-history":[{"count":0,"href":"https:\/\/www.mendoza.gov.ar\/prensa\/wp-json\/wp\/v2\/posts\/76747\/revisions"}],"wp:featuredmedia":[{"embeddable":true,"href":"https:\/\/www.mendoza.gov.ar\/prensa\/wp-json\/wp\/v2\/media\/76765"}],"wp:attachment":[{"href":"https:\/\/www.mendoza.gov.ar\/prensa\/wp-json\/wp\/v2\/media?parent=76747"}],"wp:term":[{"taxonomy":"category","embeddable":true,"href":"https:\/\/www.mendoza.gov.ar\/prensa\/wp-json\/wp\/v2\/categories?post=76747"},{"taxonomy":"post_tag","embeddable":true,"href":"https:\/\/www.mendoza.gov.ar\/prensa\/wp-json\/wp\/v2\/tags?post=76747"}],"curies":[{"name":"wp","href":"https:\/\/api.w.org\/{rel}","templated":true}]}}