{"id":76785,"date":"2016-12-28T15:41:47","date_gmt":"2016-12-28T18:41:47","guid":{"rendered":"http:\/\/prensa.mendoza.gov.ar\/?p=76785"},"modified":"2016-12-28T15:41:47","modified_gmt":"2016-12-28T18:41:47","slug":"la-provincia-apoya-la-mejora-de-servicios-en-los-departamentos-del-este","status":"publish","type":"post","link":"https:\/\/www.mendoza.gov.ar\/prensa\/la-provincia-apoya-la-mejora-de-servicios-en-los-departamentos-del-este\/","title":{"rendered":"La Provincia apoya la mejora de servicios en los departamentos del Este"},"content":{"rendered":"<!DOCTYPE html PUBLIC \"-\/\/W3C\/\/DTD HTML 4.0 Transitional\/\/EN\" \"http:\/\/www.w3.org\/TR\/REC-html40\/loose.dtd\">\n<html><body><p>El jefe de Gabinete del Ministerio de Gobierno, Trabajo y Justicia, Carlos Segura, y el subsecretario de Justicia y Relaciones Institucionales de esa cartera, Marcelo D&rsquo;Agostino, se reunieron hoy con los intendentes Miguel Ronco, de Rivadavia, y Mario Abed, de Jun&iacute;n.<\/p>\n<p>En las respectivas sedes municipales, los funcionarios firmaron convenios para avanzar en la documentaci&oacute;n de los ni&ntilde;os que concurren a los jardines maternales departamentales, y para fortalecer las oficinas de Defensa del Consumidor de las comunas. Tambi&eacute;n estuvieron presentes el director del Registro Civil, Enzo Rizzo, y la titular de la Direcci&oacute;n provincial de Defensa del Consumidor, M&oacute;nica Lucero de Nofal.<\/p>\n<p>En el caso de la regularizaci&oacute;n de la documentaci&oacute;n de los ni&ntilde;os que asisten a jardines maternales, las comunas se comprometieron hoy a trasladar a&nbsp;los peque&ntilde;os a la oficina del Registro Civil m&aacute;s pr&oacute;xima. De este modo, los padres podr&aacute;n realizar f&aacute;cilmente la tramitaci&oacute;n y de manera gratuita en todo su proceso.<\/p>\n<p>El subsecretario de Justicia y Relaciones Institucionales, Marcelo D&rsquo;Agostino, resalt&oacute; que estas acciones se enmarcan &ldquo;en la impronta que defini&oacute; Alfredo Cornejo con objeto de llevar los servicios a la gente, para que las personas no deban trasladarse grandes distancias, como ven&iacute;a sucediendo anteriormente con quienes viven en localidades m&aacute;s alejadas de la ciudad de Mendoza&rdquo;.<\/p>\n<p>Con respecto al fortalecimiento de las &aacute;reas de Defensa del Consumidor de las comunas, a partir del acuerdo que firmaron hoy las autoridades de Gobierno y los intendentes, la Provincia se comprometi&oacute; a brindar un continuo apoyo t&eacute;cnico a los municipios y a coordinar acciones conjuntas como operativos de inspecci&oacute;n, campa&ntilde;as de difusi&oacute;n y educaci&oacute;n, alertas en consumo para prevenir sobre riesgos en la compra de bienes o uso de servicios, etc.<\/p>\n<p>Adem&aacute;s, el convenio establece que los municipios firmantes recibir&aacute;n el 50% del producido de las multas que se impongan a las empresas o entidades sancionadas, cuyas denuncias hayan tenido origen concreto en los departamentos. Los ingresos podr&aacute;n ser destinados al fortalecimiento de las &aacute;reas en cada oficina de Defensa del Consumidor municipal.<\/p>\n<p>&ldquo;Estos acuerdos responden a la modernizaci&oacute;n del Estado y surgen de las comunicaciones previas mantenidas con ambos intendentes, considerando el inter&eacute;s y protagonismo que adquieren cada vez m&aacute;s las tem&aacute;ticas inherentes a consumidores y usuarios&rdquo;, explic&oacute; M&oacute;nica Lucero de Nofal, titular de la Direcci&oacute;n provincial de Defensa del Consumidor.<\/p>\n<p>En tanto, el intendente de Rivadavia, Miguel Ronco, se&ntilde;al&oacute; que &ldquo;por iniciativa del Gobernador Alfredo Cornejo, los intendentes estamos trabajando tambi&eacute;n en la inclusi&oacute;n en nuestras comunas de los servicios que protegen los intereses del consumidor, por lo que vamos a equipar las oficinas y a designar al personal que all&iacute; atienda a la comunidad&rdquo;.<\/p>\n<p><strong>Acuerdo para la documentaci&oacute;n de ni&ntilde;os<\/strong><\/p>\n<p>Para facilitar que los chicos que asisten a los jardines de infantes y jardines maternales obtengan &nbsp;o actualicen sus registros de identidad de forma &nbsp;accesible, r&aacute;pida y gratuita, el tr&aacute;mite se realizar&aacute; sin turno y sin necesidad de que participen los padres. &ldquo;Ser&aacute; el Municipio el que efect&uacute;e un relevamiento previo y luego disponga de la movilidad necesaria para el traslado de los chicos hasta la oficina del Registro Civil m&aacute;s cercano a los jardines de infantes y maternales&rdquo;, explic&oacute; el director del Registro Civil y Capacidad de las personas, Enzo Rizzo.<\/p>\n<p><a href=\"https:\/\/www.mendoza.gov.ar\/prensa\/wp-content\/uploads\/sites\/23\/gob3.jpg\"><img loading=\"lazy\" class=\"alignnone wp-image-76787 img-responsive center-block\" src=\"https:\/\/www.mendoza.gov.ar\/prensa\/wp-content\/uploads\/sites\/23\/gob3.jpg\" alt=\"\" width=\"350\" height=\"233\"><\/a><\/p>\n<p>El&nbsp; operativo se pondr&aacute; en marcha de inmediato con las escuelas y colonias de verano. Cuando comience el a&ntilde;o escolar, la tarea continuar&aacute; con chicos de 5 a 8 a&ntilde;os y la Provincia pondr&aacute; a disposici&oacute;n el Cami&oacute;n M&oacute;vil del Registro Civil.<\/p>\n<p><strong>Convenios que abarcan y benefician a la zona Este de la provincia<\/strong><\/p>\n<p>Con la visita a los departamentos de Rivadavia y Jun&iacute;n, el Ministerio de Gobierno, Trabajo y Justicia de Mendoza culmina con una primera etapa de acuerdos en zona Este, que comenz&oacute; en La Paz&nbsp;y sigui&oacute; en San Mart&iacute;n y Santa Rosa.<\/p>\n<p>A partir de los acuerdos celebrados, los cinco municipios contar&aacute;n en breve con oficinas de Defensa del Consumidor en funciones, personal id&oacute;neo y apertura al tr&aacute;mite inicial para la gesti&oacute;n administrativa de las denuncias.<\/p>\n<p>Adem&aacute;s, en pocos meses esas comunas habr&aacute;n avanzado en la documentaci&oacute;n de los ni&ntilde;os menores de cinco a&ntilde;os y luego de aquellos chicos que se hallan en la franja de 5 a 8 a&ntilde;os, en lo que se constituye en un derecho de estos y una obligaci&oacute;n para el Estado a favor de miles de personas que necesitan su DNI actualizado.<\/p>\n<\/body><\/html>\n","protected":false},"excerpt":{"rendered":"Funcionarios del Ministerio de Gobierno, Trabajo y Justicia visitaron hoy  los departamentos de Jun\u00edn y Rivadavia y firmaron con los intendentes Mario Abed y Miguel Ronco convenios para completar la documentaci\u00f3n de los ni\u00f1os que asisten a los jardines maternales y para optimizar la gesti\u00f3n de consultas y denuncias de Defensa del Consumidor.  ","protected":false},"author":63,"featured_media":76786,"comment_status":"open","ping_status":"open","sticky":false,"template":"","format":"standard","meta":[],"categories":[20],"tags":[],"_links":{"self":[{"href":"https:\/\/www.mendoza.gov.ar\/prensa\/wp-json\/wp\/v2\/posts\/76785"}],"collection":[{"href":"https:\/\/www.mendoza.gov.ar\/prensa\/wp-json\/wp\/v2\/posts"}],"about":[{"href":"https:\/\/www.mendoza.gov.ar\/prensa\/wp-json\/wp\/v2\/types\/post"}],"author":[{"embeddable":true,"href":"https:\/\/www.mendoza.gov.ar\/prensa\/wp-json\/wp\/v2\/users\/63"}],"replies":[{"embeddable":true,"href":"https:\/\/www.mendoza.gov.ar\/prensa\/wp-json\/wp\/v2\/comments?post=76785"}],"version-history":[{"count":0,"href":"https:\/\/www.mendoza.gov.ar\/prensa\/wp-json\/wp\/v2\/posts\/76785\/revisions"}],"wp:featuredmedia":[{"embeddable":true,"href":"https:\/\/www.mendoza.gov.ar\/prensa\/wp-json\/wp\/v2\/media\/76786"}],"wp:attachment":[{"href":"https:\/\/www.mendoza.gov.ar\/prensa\/wp-json\/wp\/v2\/media?parent=76785"}],"wp:term":[{"taxonomy":"category","embeddable":true,"href":"https:\/\/www.mendoza.gov.ar\/prensa\/wp-json\/wp\/v2\/categories?post=76785"},{"taxonomy":"post_tag","embeddable":true,"href":"https:\/\/www.mendoza.gov.ar\/prensa\/wp-json\/wp\/v2\/tags?post=76785"}],"curies":[{"name":"wp","href":"https:\/\/api.w.org\/{rel}","templated":true}]}}