{"id":76942,"date":"2016-12-29T16:26:42","date_gmt":"2016-12-29T19:26:42","guid":{"rendered":"http:\/\/prensa.mendoza.gov.ar\/?p=76942"},"modified":"2016-12-29T16:26:42","modified_gmt":"2016-12-29T19:26:42","slug":"el-coro-de-osep-llevo-su-musica-a-residencias-geriatricas","status":"publish","type":"post","link":"https:\/\/www.mendoza.gov.ar\/prensa\/el-coro-de-osep-llevo-su-musica-a-residencias-geriatricas\/","title":{"rendered":"El Coro de OSEP llev\u00f3 su m\u00fasica a residencias geri\u00e1tricas"},"content":{"rendered":"<!DOCTYPE html PUBLIC \"-\/\/W3C\/\/DTD HTML 4.0 Transitional\/\/EN\" \"http:\/\/www.w3.org\/TR\/REC-html40\/loose.dtd\">\n<html><body><p>La calurosa tarde&nbsp;de ayer tuvo mucha alegr&iacute;a para los adultos mayores que residen en el hogar &ldquo;La casita de mis viejos&rdquo;, ubicada en calle Montecaseros, de Ciudad. El mayor entusiasmo lo pusieron los anfitriones, que recibieron la visita del coro dirigido por el profesor Andr&eacute;s Iacopini.<\/p>\n<p>En esta iniciativa, los m&uacute;sicos presentaron una serie de villancicos navide&ntilde;os para celebrar el fin de a&ntilde;o con m&uacute;sica y baile, en una tarde descontracturada y con un repertorio totalmente novedoso.<\/p>\n<p>Esta no fue la &uacute;nica presentaci&oacute;n, ya que hoy compartir&aacute;n la tarde con los abuelos del hogar Rucal&eacute;n, de Maip&uacute;, y &Aacute;lter, de Godoy Cruz. Adem&aacute;s, prev&eacute;n visitas a otras residencias de adultos mayores para la pr&oacute;xima semana.<\/p>\n<p>El Coro de la OSEP realiza sus ensayos todas las semanas, de lunes a viernes, de 18 a 20, en el edificio Xeltahuina, Salta 877, Ciudad.<\/p>\n<\/body><\/html>\n","protected":false},"excerpt":{"rendered":"El grupo estuvo presente en la residencia \u201cLa casita de mis viejos\u201d, de Ciudad, con una iniciativa del Departamento de Gesti\u00f3n de Pol\u00edticas Sociales para el Adulto Mayor de la Obra Social, en la que los m\u00fasicos brindaron una serie de villancicos navide\u00f1os.","protected":false},"author":68,"featured_media":76947,"comment_status":"open","ping_status":"open","sticky":false,"template":"","format":"standard","meta":[],"categories":[30],"tags":[],"_links":{"self":[{"href":"https:\/\/www.mendoza.gov.ar\/prensa\/wp-json\/wp\/v2\/posts\/76942"}],"collection":[{"href":"https:\/\/www.mendoza.gov.ar\/prensa\/wp-json\/wp\/v2\/posts"}],"about":[{"href":"https:\/\/www.mendoza.gov.ar\/prensa\/wp-json\/wp\/v2\/types\/post"}],"author":[{"embeddable":true,"href":"https:\/\/www.mendoza.gov.ar\/prensa\/wp-json\/wp\/v2\/users\/68"}],"replies":[{"embeddable":true,"href":"https:\/\/www.mendoza.gov.ar\/prensa\/wp-json\/wp\/v2\/comments?post=76942"}],"version-history":[{"count":0,"href":"https:\/\/www.mendoza.gov.ar\/prensa\/wp-json\/wp\/v2\/posts\/76942\/revisions"}],"wp:featuredmedia":[{"embeddable":true,"href":"https:\/\/www.mendoza.gov.ar\/prensa\/wp-json\/wp\/v2\/media\/76947"}],"wp:attachment":[{"href":"https:\/\/www.mendoza.gov.ar\/prensa\/wp-json\/wp\/v2\/media?parent=76942"}],"wp:term":[{"taxonomy":"category","embeddable":true,"href":"https:\/\/www.mendoza.gov.ar\/prensa\/wp-json\/wp\/v2\/categories?post=76942"},{"taxonomy":"post_tag","embeddable":true,"href":"https:\/\/www.mendoza.gov.ar\/prensa\/wp-json\/wp\/v2\/tags?post=76942"}],"curies":[{"name":"wp","href":"https:\/\/api.w.org\/{rel}","templated":true}]}}