{"id":76984,"date":"2016-12-30T10:23:31","date_gmt":"2016-12-30T13:23:31","guid":{"rendered":"http:\/\/prensa.mendoza.gov.ar\/?p=76984"},"modified":"2016-12-30T10:23:31","modified_gmt":"2016-12-30T13:23:31","slug":"mejor-atencion-medica-para-afiliados-de-malargue","status":"publish","type":"post","link":"https:\/\/www.mendoza.gov.ar\/prensa\/mejor-atencion-medica-para-afiliados-de-malargue\/","title":{"rendered":"Mejor atenci\u00f3n m\u00e9dica para afiliados de Malarg\u00fce"},"content":{"rendered":"<!DOCTYPE html PUBLIC \"-\/\/W3C\/\/DTD HTML 4.0 Transitional\/\/EN\" \"http:\/\/www.w3.org\/TR\/REC-html40\/loose.dtd\">\n<html><body><div id=\"m_-1226174211589272926yiv8727664504yui_3_16_0_ym19_1_1483027375355_3505\">Los afiliados de la Obra Social de Empleados P&uacute;blicos residentes en el departamento de Malarg&uuml;e podr&aacute;n acceder a su atenci&oacute;n con los m&eacute;dicos prestadores de su obra social en distintos niveles de complejidad. Tales servicios se brindar&aacute;n en el Hospital Regional en virtud del convenio firmado entre el Ministerio de Salud, Desarrollo Social y Deportes y la OSEP.Representados por el ministro, Rub&eacute;n Giacchi y el director de la obra social, Sergio Vergara, se incorporaron&nbsp;dos cl&aacute;usulas a un convenio vigente desde 2010, en las cuales se acuerda que los profesionales que realicen cirug&iacute;as de segundo nivel de atenci&oacute;n cobrar&aacute;n sus honorarios en forma directa en los valores vigentes de los convenios con el sector privado, sin perjuicio de otras formas de pago que considere el Ministerio de Salud, Desarrollo Social y Deportes.\n<p>Con este acuerdo, ambas entidades acuden a cubrir las necesidades de una comunidad que demanda cada vez mejor atenci&oacute;n y ante la ausencia de efectores privados, el Estado cumple con la funci&oacute;n de garantizar el servicio de salud con la mejor calidad en una instituci&oacute;n oficial. A partir de ahora, los pacientes de Malarg&uuml;e no se ver&aacute;n obligados a recorrer casi 200 kil&oacute;metros hasta San Rafael para realizar consultas o estudios.<\/p>\n<p>Vergara indic&oacute; que este convenio es &ldquo;revolucionario&rdquo;, dado que&nbsp;un efector p&uacute;blico se abre como &uacute;nico referente de atenci&oacute;n en el departamento y los m&eacute;dicos particulares puedan atender en el mismo nosocomio. Esto descomprime la situaci&oacute;n y garantiza una mayor y mejor atenci&oacute;n a los afiliados de OSEP.<\/p>\n<p>Al respecto, el ministro Rub&eacute;n Giacchi destac&oacute; el gran beneficio que significar&aacute; no s&oacute;lo ahora, sino tambi&eacute;n en el futuro, porque se contar&aacute; con&nbsp;instalaciones modernas que estaban subocupadas y que ahora podr&aacute;n aprovecharse en forma integral. Adem&aacute;s, el funcionario anticip&oacute; que los m&eacute;dicos podr&aacute;n extender sus prestaciones a pacientes sin cobertura, para lo cual se les abonar&aacute;n aparte esos servicios.<\/p>\n<\/div>\n<\/body><\/html>\n","protected":false},"excerpt":{"rendered":"Los afiliados de la Obra Social de Empleados P&uacute;blicos residentes en el departamento de Malarg&uuml;e podr&aacute;n acceder a su atenci&oacute;n con los m&eacute;dicos prestadores de su obra social en distintos niveles de complejidad. Tales servicios se brindar&aacute;n en el Hospital Regional en virtud del convenio firmado entre el Ministerio de Salud, Desarrollo Social y Deportes&#8230; <a class=\"view-article\" href=\"https:\/\/www.mendoza.gov.ar\/prensa\/mejor-atencion-medica-para-afiliados-de-malargue\/\"><\/a>","protected":false},"author":61,"featured_media":76986,"comment_status":"open","ping_status":"open","sticky":false,"template":"","format":"standard","meta":[],"categories":[30],"tags":[],"_links":{"self":[{"href":"https:\/\/www.mendoza.gov.ar\/prensa\/wp-json\/wp\/v2\/posts\/76984"}],"collection":[{"href":"https:\/\/www.mendoza.gov.ar\/prensa\/wp-json\/wp\/v2\/posts"}],"about":[{"href":"https:\/\/www.mendoza.gov.ar\/prensa\/wp-json\/wp\/v2\/types\/post"}],"author":[{"embeddable":true,"href":"https:\/\/www.mendoza.gov.ar\/prensa\/wp-json\/wp\/v2\/users\/61"}],"replies":[{"embeddable":true,"href":"https:\/\/www.mendoza.gov.ar\/prensa\/wp-json\/wp\/v2\/comments?post=76984"}],"version-history":[{"count":0,"href":"https:\/\/www.mendoza.gov.ar\/prensa\/wp-json\/wp\/v2\/posts\/76984\/revisions"}],"wp:featuredmedia":[{"embeddable":true,"href":"https:\/\/www.mendoza.gov.ar\/prensa\/wp-json\/wp\/v2\/media\/76986"}],"wp:attachment":[{"href":"https:\/\/www.mendoza.gov.ar\/prensa\/wp-json\/wp\/v2\/media?parent=76984"}],"wp:term":[{"taxonomy":"category","embeddable":true,"href":"https:\/\/www.mendoza.gov.ar\/prensa\/wp-json\/wp\/v2\/categories?post=76984"},{"taxonomy":"post_tag","embeddable":true,"href":"https:\/\/www.mendoza.gov.ar\/prensa\/wp-json\/wp\/v2\/tags?post=76984"}],"curies":[{"name":"wp","href":"https:\/\/api.w.org\/{rel}","templated":true}]}}