{"id":77030,"date":"2016-12-30T07:09:01","date_gmt":"2016-12-30T10:09:01","guid":{"rendered":"http:\/\/prensa.mendoza.gov.ar\/?p=77030"},"modified":"2016-12-30T07:09:01","modified_gmt":"2016-12-30T10:09:01","slug":"los-adheridos-al-fondo-compensador-podran-asegurar-producciones-de-hortalizas","status":"publish","type":"post","link":"https:\/\/www.mendoza.gov.ar\/prensa\/los-adheridos-al-fondo-compensador-podran-asegurar-producciones-de-hortalizas\/","title":{"rendered":"Los adheridos al Fondo Compensador podr\u00e1n asegurar producciones de hortalizas"},"content":{"rendered":"<!DOCTYPE html PUBLIC \"-\/\/W3C\/\/DTD HTML 4.0 Transitional\/\/EN\" \"http:\/\/www.w3.org\/TR\/REC-html40\/loose.dtd\">\n<html><body><div id=\"m_1981160359345977064yui_3_16_0_ym19_1_1483099851664_50536\">Los productores de San Rafael y General Alvear adheridos a la campa&ntilde;a 2016-17 del Fondo Compensador Agr&iacute;cola podr&aacute;n extender la cobertura a sus producciones de hortalizas. Para acceder a este beneficio deben haber abonado las cuotas 1 y\/o 2 hasta el 14 de octubre y declarar las plantaciones en el RUT.<\/div>\n<div id=\"m_1981160359345977064yui_3_16_0_ym19_1_1483099851664_50542\"><span lang=\"ES-AR\">&nbsp;<\/span><\/div>\n<div id=\"m_1981160359345977064yui_3_16_0_ym19_1_1483099851664_50545\"><span id=\"m_1981160359345977064yui_3_16_0_ym19_1_1483099851664_50546\" lang=\"ES-AR\">Las facturas de los cultivos hort&iacute;colas declarados en el RUT en esta temporada podr&aacute;n obtenerse partir del 13 de enero, en las delegaciones de la Direcci&oacute;n de Agricultura y Contingencias Clim&aacute;ticas o trav&eacute;s de la p&aacute;gina&nbsp;<\/span><span id=\"m_1981160359345977064yui_3_16_0_ym19_1_1483099851664_50547\" lang=\"ES-TRAD\"><a id=\"m_1981160359345977064yui_3_16_0_ym19_1_1483099851664_50548\" href=\"https:\/\/www.contingenciasmza.gov.ar\/\" target=\"_blank\"><span id=\"m_1981160359345977064yui_3_16_0_ym19_1_1483099851664_50549\" lang=\"ES-AR\">www.contingenciasmza.gov.ar<\/span><\/a><\/span><span id=\"m_1981160359345977064yui_3_16_0_ym19_1_1483099851664_50550\" lang=\"ES-AR\">.<\/span><\/div>\n<div id=\"m_1981160359345977064yui_3_16_0_ym19_1_1483099851664_50545\"><span lang=\"ES-AR\">&nbsp;<\/span><\/div>\n<div id=\"m_1981160359345977064yui_3_16_0_ym19_1_1483099851664_50552\"><span id=\"m_1981160359345977064yui_3_16_0_ym19_1_1483099851664_50553\" lang=\"ES-AR\">Para cualquier consulta los interesados deber&aacute;n comunicarse con las delegaciones o centros receptores de la DACC a los tel&eacute;fonos 4413266 o 4413263 o bien a trav&eacute;s de la p&aacute;gina web.<\/span><\/div>\n<div id=\"m_1981160359345977064yui_3_16_0_ym19_1_1483099851664_50552\"><span lang=\"ES-AR\">&nbsp;<\/span><\/div>\n<div id=\"m_1981160359345977064yui_3_16_0_ym19_1_1483099851664_50555\"><b id=\"m_1981160359345977064yui_3_16_0_ym19_1_1483099851664_50556\">Delegaciones de la DACC<\/b><\/div>\n<div id=\"m_1981160359345977064yui_3_16_0_ym19_1_1483099851664_50555\"><b>&nbsp;<\/b><\/div>\n<div id=\"m_1981160359345977064yui_3_16_0_ym19_1_1483099851664_50558\"><span id=\"m_1981160359345977064yui_3_16_0_ym19_1_1483099851664_50559\" lang=\"ES-AR\">Delegaci&oacute;n Norte: Bolougne Sur Mer 3050, primer piso, Mendoza Capital. Tel&eacute;fono 441-3258\/66.<\/span><\/div>\n<div id=\"m_1981160359345977064yui_3_16_0_ym19_1_1483099851664_50561\"><span id=\"m_1981160359345977064yui_3_16_0_ym19_1_1483099851664_50562\" lang=\"ES-AR\">Delegaci&oacute;n Sur: Alsina 445, San Rafael. Tel&eacute;fono 0260 4438052.<\/span><\/div>\n<div>Oficina General Alvear: Patricias Mendocinas 198. Tel&eacute;fono 0261 156988982<\/div>\n<\/body><\/html>\n","protected":false},"excerpt":{"rendered":"La medida est\u00e1 destinada a los productores de San Rafael y General Alvear. La inscripci\u00f3n estar\u00e1 abierta del 2 al 12 de enero.","protected":false},"author":61,"featured_media":77033,"comment_status":"open","ping_status":"open","sticky":false,"template":"","format":"standard","meta":[],"categories":[1],"tags":[],"_links":{"self":[{"href":"https:\/\/www.mendoza.gov.ar\/prensa\/wp-json\/wp\/v2\/posts\/77030"}],"collection":[{"href":"https:\/\/www.mendoza.gov.ar\/prensa\/wp-json\/wp\/v2\/posts"}],"about":[{"href":"https:\/\/www.mendoza.gov.ar\/prensa\/wp-json\/wp\/v2\/types\/post"}],"author":[{"embeddable":true,"href":"https:\/\/www.mendoza.gov.ar\/prensa\/wp-json\/wp\/v2\/users\/61"}],"replies":[{"embeddable":true,"href":"https:\/\/www.mendoza.gov.ar\/prensa\/wp-json\/wp\/v2\/comments?post=77030"}],"version-history":[{"count":0,"href":"https:\/\/www.mendoza.gov.ar\/prensa\/wp-json\/wp\/v2\/posts\/77030\/revisions"}],"wp:featuredmedia":[{"embeddable":true,"href":"https:\/\/www.mendoza.gov.ar\/prensa\/wp-json\/wp\/v2\/media\/77033"}],"wp:attachment":[{"href":"https:\/\/www.mendoza.gov.ar\/prensa\/wp-json\/wp\/v2\/media?parent=77030"}],"wp:term":[{"taxonomy":"category","embeddable":true,"href":"https:\/\/www.mendoza.gov.ar\/prensa\/wp-json\/wp\/v2\/categories?post=77030"},{"taxonomy":"post_tag","embeddable":true,"href":"https:\/\/www.mendoza.gov.ar\/prensa\/wp-json\/wp\/v2\/tags?post=77030"}],"curies":[{"name":"wp","href":"https:\/\/api.w.org\/{rel}","templated":true}]}}