{"id":77070,"date":"2016-12-30T13:16:01","date_gmt":"2016-12-30T16:16:01","guid":{"rendered":"http:\/\/prensa.mendoza.gov.ar\/?p=77070"},"modified":"2016-12-30T13:16:01","modified_gmt":"2016-12-30T16:16:01","slug":"con-la-puesta-en-marcha-de-la-stm-el-transporte-publico-tendra-nuevos-recorridos","status":"publish","type":"post","link":"https:\/\/www.mendoza.gov.ar\/prensa\/con-la-puesta-en-marcha-de-la-stm-el-transporte-publico-tendra-nuevos-recorridos\/","title":{"rendered":"Con la puesta en marcha de la STM, el transporte p\u00fablico tendr\u00e1 nuevos recorridos"},"content":{"rendered":"<!DOCTYPE html PUBLIC \"-\/\/W3C\/\/DTD HTML 4.0 Transitional\/\/EN\" \"http:\/\/www.w3.org\/TR\/REC-html40\/loose.dtd\">\n<html><body><p>El 1 de enero, comenzar&aacute; a funcionar la nueva &ldquo;Sociedad de Transporte de Mendoza&rdquo;, que se har&aacute; cargo de todos los servicios de trole y el metrotranv&iacute;a inclusive. El objetivo es recuperar un servicio de calidad para el usuario, a trav&eacute;s de la renovaci&oacute;n, mejoramiento y ampliaci&oacute;n de la estructura existente, como tambi&eacute;n la incorporaci&oacute;n de tecnolog&iacute;as que ayuden a la modernizaci&oacute;n de este servicio.<\/p>\n<p>Con el fin de optimizar los recursos y el parque m&oacute;vil, se dejar&aacute; de prestar el servicio &ldquo;Godoy Cruz-Las Heras&rdquo;, el que ser&aacute; absorbido por el Grupo 4, con un troncal que une los recorridos de las L&iacute;neas 45 y 81, modificando la traza del recorrido del Barrio La Estanzuela, que comenzar&aacute; a circular por la Avenida San Mart&iacute;n.<\/p>\n<p>A continuaci&oacute;n se detallan las trazas:<\/p>\n<p><strong>L&iacute;nea 45 &ldquo;Barrio La Estanzuela por San Mart&iacute;n &ndash; Rawson&rdquo;<\/strong><\/p>\n<p>Salida Control B&deg; Trapiche &ndash; Italia &ndash; Tiburcio Benegas- Lorenzo Soler &ndash; Olmo Zarate &ndash; Los Cardos &ndash; Pte Illia &ndash; Soler&nbsp; &ndash;&nbsp; T. Benegas &ndash; J. V. Gonzalez &ndash; Gral Paz &ndash; Italia &ndash; Av. Cipolletti &ndash; Ing. Huergo &ndash; Lateral Univ. Cat&oacute;lica &ndash; Mosc&oacute;n&nbsp; &ndash; Cipolletti &ndash; San Martin &ndash; Lavalle &ndash; P. Moreno &ndash; Rivadavia &ndash; San Mart&iacute;n &ndash; Peltier &ndash;San Juan &ndash;&nbsp; Alem- Salta- Cordoba- San Mart&iacute;n- &ndash; Gral. Roca- Dr. Moreno- Burgos- 9 de Julio- Avellaneda- Dr. Moreno- Prov. Unidas- H. Cuadros- (Control Las Heras ) Rawson- Dr. Moreno- Avellaneda- 9 de Julio- Burgos- San Miguel- Espejo- San Mart&iacute;n- G. Cruz- P. Mendocinas- P. Molina- 9 de Julio- Peltier- San Mart&iacute;n- Cipolletti &ndash; Italia &ndash; T. Benegas &ndash; Soler &ndash; Pte Illia &ndash; Los Cardos &ndash; Olmo Zarate &ndash; Soler &ndash; T. Benegas&nbsp; &ndash; Groussac &ndash; Cordoba &ndash; Joaquin V. Gonzalez &ndash; P. Benegas &ndash; Control Trapiche.<\/p>\n<p><strong>L&iacute;nea 81 &ldquo;Rawson por San Mart&iacute;n &ndash; Barrio La Estanzuela&rdquo;<\/strong><\/p>\n<p>Control Las Heras &ndash; Rawson &ndash; Dr. Moreno- Avellaneda- 9 de Julio- Burgos- San Miguel- Espejo- San Mart&iacute;n- G. Cruz- P. Mendocinas- P. Molina- 9 de Julio- Peltier- San Mart&iacute;n- Cipolletti &ndash; Italia &ndash; T. Benegas &ndash; (Entrada B&ordm; Ruise&ntilde;or de corresponder la Frec.) &ndash; Soler &ndash; Pte Illia &ndash; Los Cardos &ndash; Olmo Zarate &ndash; Soler &ndash; T. Benegas &ndash; Groussac &ndash; Cordoba &ndash; Joaquin V. Gonzalez &ndash; P. Benegas &ndash; Control Trapiche &ndash; Italia &ndash; Tiburcio Benegas &ndash; Lorenzo Soler &ndash; Olmo Zarate &ndash; Los Cardos &ndash; Pte. Illia &ndash; Soler&nbsp; &ndash;&nbsp; T. Benegas &ndash; (Entrada B&ordm; Ruise&ntilde;or de corresponder la Frec..)&nbsp; &ndash; J. V. Gonzalez &ndash; Gral Paz &ndash; Italia &ndash; Av. Cipolletti &ndash; Ing. Huergo &ndash; Lateral Univ. Catolica &ndash; Mosc&oacute;n&nbsp; &ndash; Cipolletti &ndash; San Martin &ndash; Lavalle &ndash; P. Moreno &ndash; Rivadavia &ndash; San Martin &ndash; Peltier &ndash;San Juan &ndash;&nbsp; Alem- Salta- Cordoba- San Mart&iacute;n- &ndash; Gral. Roca- Dr. Moreno- Burgos- 9 de Julio- Avellaneda- Dr. Moreno- Prov. Unidas- H. Cuadros &ndash; Control Las Heras<\/p>\n<p><strong>Paradas establecidas para este nuevo servicio<\/strong><\/p>\n<p>El servicio Barrio La Estanzuela &ndash; Rawson (Las Heras) respetar&aacute; las paradas de las L&iacute;neas 40, hasta San Juan y Rondeau, y de ah&iacute; en delante de las l&iacute;neas 80.<\/p>\n<p>En tanto el servicio Rawson (Las Heras) &ndash; Barrio La Estanzuela respetar&aacute; las paradas de las l&iacute;neas 80, hasta la de calle Godoy Cruz pasando 9 de Julio de Ciudad y luego la de las l&iacute;neas 40.<\/p>\n<p>Por otro lado, los servicios del Grupo 11 volver&aacute;n a tener como punto de partida y salida del control de calle Per&uacute;. Hay que recordar que antes lo hac&iacute;a desde la Terminal de &Oacute;mnibus.<\/p>\n<p>A partir del domingo estos ser&aacute;n los recorridos:<\/p>\n<p><strong>Unimev &ndash; Pedro Molina:<\/strong><\/p>\n<p>Control: Pellegrini &ndash; Tiburcio Benegas &ndash; Suipacha &ndash; Coronel Plaza- 9 de Julio &ndash; Guti&eacute;rrez &ndash; Lavalle &ndash; Rioja &ndash; Mor&oacute;n &ndash; Adolfo Calle &ndash; Houssay &nbsp;-Cochabamba &ndash; Azcu&eacute;naga- &nbsp;Pedro Vargas &nbsp;-Houssay &ndash; Adolfo Calle &ndash; Azcu&eacute;naga &ndash; Adolfo Calle &ndash; Rondeau &ndash; Arenales &ndash; Godoy Cruz &ndash; Avellaneda &ndash; Pedro Molina &ndash; Beltr&aacute;n &ndash; Maza &ndash; 9 de Julio &ndash; Necochea &ndash; Espa&ntilde;a &ndash; Godoy Cruz &ndash;&nbsp;Per&uacute;- Suipacha &ndash; Tiburcio Benegas &ndash;&nbsp;Pellegrini &ndash;&nbsp; Control.<\/p>\n<p><strong>Pedro Molina &ndash; Unimev:<\/strong><\/p>\n<p>Control: Pellegrini &ndash; Tiburcio Benegas &ndash; Suipacha&nbsp;&ndash; Coronel Plaza &ndash; 9 de Julio &ndash; Guti&eacute;rrez &ndash; Lavalle &ndash; San Juan &ndash; Buenos Aires &ndash; Necochea &ndash; Espa&ntilde;a &ndash; Coronel Plaza &ndash; San Mart&iacute;n &ndash; Alberdi &ndash; Arist&oacute;bulo del Valle &ndash; Obligado &ndash; Cervantes &ndash; Col&oacute;n &ndash; Pedro Molina &ndash; Avellaneda &ndash; Godoy Cruz &ndash; Libertad &ndash; Yatay &ndash; Arenales -Rondeau &ndash; Adolfo Calle &ndash; Azcu&eacute;naga &ndash; Adolfo Calle &ndash;&nbsp; Houssay &ndash; Pedro Vargas &ndash; Azcu&eacute;naga Cochabamba &ndash; Houssay &ndash; Adolfo Calle &ndash; Salta &ndash; V. Zapata &ndash; San Juan &ndash; Buenos Aires &ndash; Espa&ntilde;a &ndash; Godoy Cruz &ndash;&nbsp;Per&uacute; &ndash; Suipacha &ndash; Tiburcio Benegas &ndash;&nbsp;Pellegrini &ndash;&nbsp; Control.<\/p>\n<\/body><\/html>\n","protected":false},"excerpt":{"rendered":"La \u201cSociedad de Transporte de Mendoza\u201d debuta con un sistema troncal que remplazar\u00e1 al servicio de trole Godoy Cruz-Las Heras. Esta nueva traza unir\u00e1 los trayectos de las L\u00edneas 45 y 85 del barrio La Estanzuela.","protected":false},"author":61,"featured_media":77071,"comment_status":"open","ping_status":"open","sticky":false,"template":"","format":"standard","meta":[],"categories":[34],"tags":[],"_links":{"self":[{"href":"https:\/\/www.mendoza.gov.ar\/prensa\/wp-json\/wp\/v2\/posts\/77070"}],"collection":[{"href":"https:\/\/www.mendoza.gov.ar\/prensa\/wp-json\/wp\/v2\/posts"}],"about":[{"href":"https:\/\/www.mendoza.gov.ar\/prensa\/wp-json\/wp\/v2\/types\/post"}],"author":[{"embeddable":true,"href":"https:\/\/www.mendoza.gov.ar\/prensa\/wp-json\/wp\/v2\/users\/61"}],"replies":[{"embeddable":true,"href":"https:\/\/www.mendoza.gov.ar\/prensa\/wp-json\/wp\/v2\/comments?post=77070"}],"version-history":[{"count":0,"href":"https:\/\/www.mendoza.gov.ar\/prensa\/wp-json\/wp\/v2\/posts\/77070\/revisions"}],"wp:featuredmedia":[{"embeddable":true,"href":"https:\/\/www.mendoza.gov.ar\/prensa\/wp-json\/wp\/v2\/media\/77071"}],"wp:attachment":[{"href":"https:\/\/www.mendoza.gov.ar\/prensa\/wp-json\/wp\/v2\/media?parent=77070"}],"wp:term":[{"taxonomy":"category","embeddable":true,"href":"https:\/\/www.mendoza.gov.ar\/prensa\/wp-json\/wp\/v2\/categories?post=77070"},{"taxonomy":"post_tag","embeddable":true,"href":"https:\/\/www.mendoza.gov.ar\/prensa\/wp-json\/wp\/v2\/tags?post=77070"}],"curies":[{"name":"wp","href":"https:\/\/api.w.org\/{rel}","templated":true}]}}