{"id":77091,"date":"2016-12-30T14:35:32","date_gmt":"2016-12-30T17:35:32","guid":{"rendered":"http:\/\/prensa.mendoza.gov.ar\/?p=77091"},"modified":"2016-12-30T14:35:32","modified_gmt":"2016-12-30T17:35:32","slug":"cornejo-es-muy-importante-el-trabajo-de-resocializar-a-los-menores-que-han-cometidos-delitos","status":"publish","type":"post","link":"https:\/\/www.mendoza.gov.ar\/prensa\/cornejo-es-muy-importante-el-trabajo-de-resocializar-a-los-menores-que-han-cometidos-delitos\/","title":{"rendered":"Cornejo: \u201cEs muy importante el trabajo de resocializar a los menores que han cometidos delitos\u201d"},"content":{"rendered":"<!DOCTYPE html PUBLIC \"-\/\/W3C\/\/DTD HTML 4.0 Transitional\/\/EN\" \"http:\/\/www.w3.org\/TR\/REC-html40\/loose.dtd\">\n<html><body><p>El Gobernador Alfredo Cornejo y el ministro de Salud, Desarrollo Social y Deportes, Rub&eacute;n Giacchi, presentaron las refacciones que se realizaron en el pabell&oacute;n B<em>, <\/em>de m&aacute;xima seguridad, de la Direcci&oacute;n de Responsabilidad Penal Juvenil. La subsecretaria de Desarrollo Social, Marcela Fern&aacute;ndez, estuvo presente durante la inauguraci&oacute;n del sector que hab&iacute;a quedado destruido en el 2012 luego de un mot&iacute;n que encabezaron los internados.<\/p>\n<p>&ldquo;La sociedad debe saber que para tener menos casos de inseguridad tambi&eacute;n tenemos que trabajar sobre la minoridad y su recuperaci&oacute;n&rdquo;, se&ntilde;al&oacute; el Gobernador durante su discurso. &ldquo;Ninguno de nosotros quisiera tener personas privadas de su libertad, ese es un ideal, ojal&aacute; el mundo vaya hacia a esos lugares. Sin duda la conducta individual de las personas no siempre se ajusta a los c&aacute;nones del deber ser si no que se ajusta, muchas veces, a las historias de vida, que nunca justifican la violencia contra otras personas&rdquo;, agreg&oacute; el mandatario.<\/p>\n<p>&ldquo;Por ello el C&oacute;digo Penal establece sanciones para quienes alteran la convivencia. Pero esas sanciones no son definitorias&rdquo;, detall&oacute; Cornejo al afirmar que &ldquo;por este motivo es necesario el trabajo del Estado, con su sistema bien ejecutado y bien gerenciado, para poder devolver estos chicos a la sociedad socializados y con mejores herramientas para desempe&ntilde;arse en la vida&rdquo;.<\/p>\n<p>En este sentido el Gobernador indic&oacute;: &ldquo;Tenemos que trabajar todos juntos, las instituciones p&uacute;blicas m&aacute;s que nadie, en un mejor gerenciamiento de los recursos que tenemos. Se invierte mucho en las &aacute;reas sociales, pero los resultados no son los que necesita nuestra sociedad y nuestro sistema requiere de mejores resultados. Es imprescindible que los chicos que pasen por aqu&iacute; salgan bien, una vez que recuperen la libertad&rdquo;.<\/p>\n<p>De esta manera Cornejo se&ntilde;al&oacute;: &ldquo;Es muy importante el trabajo de resocializar a los menores que han cometidos delitos. Sabemos que debemos mejorar mucho m&aacute;s. Nuestras &aacute;reas sociales requieren de inversi&oacute;n, pero sobre todo de mejor calidad de administraci&oacute;n del recurso humano. Hay muy buenos ejemplos de personas en las &aacute;reas sociales, tan buenos que esta refuncionalizaci&oacute;n del lugar no la hizo una empresa privada tercerizada. Esto lo hizo el personal del establecimiento, en conjunto con &aacute;reas del Gobierno&rdquo;.<\/p>\n<p>&ldquo;Tenemos que volver a poner en valor a esa minor&iacute;a silenciosa que repar&oacute; la desidia por esta hermosa obra&rdquo;, subray&oacute; Cornejo. Necesitamos de un Estado eficiente y eficaz porque es quien lograr&aacute; recuperar a los sectores m&aacute;s pobres y vulnerables de nuestra sociedad. Para ello hay que gerenciar mejor el sistema, para que le llegue el servicio a las personas m&aacute;s vulnerables&rdquo;, sostuvo luego.<\/p>\n<p>&ldquo;Vamos a cambiar la Ley de Minoridad. Nuestro objetivo es que le lleguen a nuestros ni&ntilde;os los servicios sociales. Tenemos m&aacute;s de 1.000 chicos tutelados en el Estado que han cometido delitos. Por eso quiero organizar el recurso humano, para disponer de personal con protocolos que puedan enfocarze en ellos. Vamos a recuperar a estos chicos, para que est&eacute;n preparados para cuando salgan&rdquo;, concluy&oacute; el mandatario.<\/p>\n<p><strong>Las refacciones<\/strong><\/p>\n<p>El lugar fue reparado totalmente para poder quedar nuevamente habilitado. Las obras comenzaron a principios del 2016, cuando asumieron las nuevas autoridades. Los trabajos fueron realizados&nbsp;conjuntamente con representantes del Ministerio de Infraestructura de la provincia para retomar las obras pendientes y finalizarlas. Camas para 30 personas, sala de operadores y de primeros auxilios, taller, patio, aula para escuela, cancha de f&uacute;tbol y pileta son algunas de las obras que fueron realizadas.<\/p>\n<p>Entre los arreglos, los internos y los trabajadores realizaron un mural en la pared del edificio del sector A, se colocaron baldosas y se compraron colchones, entre otras mejoras.<\/p>\n<p>A principios de setiembre se inauguraron las remodelaciones del sector A. Los&nbsp;trabajos consistieron en reformas y arreglos. Para ello, desde la Subsecretar&iacute;a de Desarrollo se destin&oacute; un fondo para la compra de materiales tales como pintura, pinceles, cemento, arena y otros materiales de construcci&oacute;n.<\/p>\n<p>&nbsp;<\/p>\n<p>&nbsp;<\/p>\n<p><em>&nbsp;<\/em><\/p>\n<\/body><\/html>\n","protected":false},"excerpt":{"rendered":"As\u00ed lo dijo el Gobernador luego de presentar las obras que se realizaron en el Sector B de la Direcci\u00f3n de Responsabilidad Penal Juvenil. El lugar hab\u00eda sido destruido en el 2012, en un mot\u00edn que encabezaron los internados. ","protected":false},"author":76,"featured_media":77092,"comment_status":"open","ping_status":"open","sticky":false,"template":"","format":"standard","meta":[],"categories":[19],"tags":[],"_links":{"self":[{"href":"https:\/\/www.mendoza.gov.ar\/prensa\/wp-json\/wp\/v2\/posts\/77091"}],"collection":[{"href":"https:\/\/www.mendoza.gov.ar\/prensa\/wp-json\/wp\/v2\/posts"}],"about":[{"href":"https:\/\/www.mendoza.gov.ar\/prensa\/wp-json\/wp\/v2\/types\/post"}],"author":[{"embeddable":true,"href":"https:\/\/www.mendoza.gov.ar\/prensa\/wp-json\/wp\/v2\/users\/76"}],"replies":[{"embeddable":true,"href":"https:\/\/www.mendoza.gov.ar\/prensa\/wp-json\/wp\/v2\/comments?post=77091"}],"version-history":[{"count":0,"href":"https:\/\/www.mendoza.gov.ar\/prensa\/wp-json\/wp\/v2\/posts\/77091\/revisions"}],"wp:featuredmedia":[{"embeddable":true,"href":"https:\/\/www.mendoza.gov.ar\/prensa\/wp-json\/wp\/v2\/media\/77092"}],"wp:attachment":[{"href":"https:\/\/www.mendoza.gov.ar\/prensa\/wp-json\/wp\/v2\/media?parent=77091"}],"wp:term":[{"taxonomy":"category","embeddable":true,"href":"https:\/\/www.mendoza.gov.ar\/prensa\/wp-json\/wp\/v2\/categories?post=77091"},{"taxonomy":"post_tag","embeddable":true,"href":"https:\/\/www.mendoza.gov.ar\/prensa\/wp-json\/wp\/v2\/tags?post=77091"}],"curies":[{"name":"wp","href":"https:\/\/api.w.org\/{rel}","templated":true}]}}