{"id":77267,"date":"2017-01-04T09:36:04","date_gmt":"2017-01-04T12:36:04","guid":{"rendered":"http:\/\/prensa.mendoza.gov.ar\/?p=77267"},"modified":"2017-01-04T09:36:04","modified_gmt":"2017-01-04T12:36:04","slug":"%e2%80%8breduccion-de-tasas-provinciales-para-el-dni-y-pasaporte","status":"publish","type":"post","link":"https:\/\/www.mendoza.gov.ar\/prensa\/%e2%80%8breduccion-de-tasas-provinciales-para-el-dni-y-pasaporte\/","title":{"rendered":"\u200bReducci\u00f3n de tasas provinciales para el DNI y pasaporte"},"content":{"rendered":"<!DOCTYPE html PUBLIC \"-\/\/W3C\/\/DTD HTML 4.0 Transitional\/\/EN\" \"http:\/\/www.w3.org\/TR\/REC-html40\/loose.dtd\">\n<html><body><p>A trav&eacute;s de un proyecto de ley enviado por el Poder Ejecutivo, se modific&oacute; un art&iacute;culo de la Ley Impositiva para la reducci&oacute;n de la tasa provincial sobre los documentos de identidad y pasaportes.<\/p>\n<p dir=\"ltr\">A partir de la implementaci&oacute;n de esta normativa, los mendocinos abonar&aacute;n los siguientes valores para los tr&aacute;mites que se detallan a continuaci&oacute;n:<\/p>\n<p dir=\"ltr\">&middot;&nbsp;&nbsp;&nbsp;&nbsp;&nbsp;&nbsp;&nbsp;&nbsp; DNI: $ 60.<\/p>\n<p dir=\"ltr\">&middot;&nbsp;&nbsp;&nbsp;&nbsp;&nbsp;&nbsp;&nbsp;&nbsp; Pasaporte: $550.<\/p>\n<p dir=\"ltr\">&middot;&nbsp;&nbsp;&nbsp;&nbsp;&nbsp;&nbsp;&nbsp;&nbsp; Pasaporte +&nbsp; DNI: $ 610.<\/p>\n<p dir=\"ltr\">&middot;&nbsp;&nbsp;&nbsp;&nbsp;&nbsp;&nbsp;&nbsp;&nbsp; Pasaporte express: $ 1.250.<\/p>\n<p><iframe width=\"900\" height=\"400\" scrolling=\"no\" frameborder=\"no\" src=\"https:\/\/w.soundcloud.com\/player\/?visual=true&amp;url=https%3A%2F%2Fapi.soundcloud.com%2Ftracks%2F300973431&amp;show_artwork=true&amp;maxwidth=900&amp;maxheight=1000\"><\/iframe><\/p>\n<\/body><\/html>\n","protected":false},"excerpt":{"rendered":"A partir de hoy, en el marco de una pol\u00edtica encarada por el Gobernador Alfredo Cornejo de reducci\u00f3n de impuestos, no se cobrar\u00e1 m\u00e1s la tasa provincial del DNI y pasaporte correspondiente al c\u00f3digo 458. Audio. ","protected":false},"author":2,"featured_media":77268,"comment_status":"open","ping_status":"open","sticky":false,"template":"","format":"standard","meta":[],"categories":[20],"tags":[],"_links":{"self":[{"href":"https:\/\/www.mendoza.gov.ar\/prensa\/wp-json\/wp\/v2\/posts\/77267"}],"collection":[{"href":"https:\/\/www.mendoza.gov.ar\/prensa\/wp-json\/wp\/v2\/posts"}],"about":[{"href":"https:\/\/www.mendoza.gov.ar\/prensa\/wp-json\/wp\/v2\/types\/post"}],"author":[{"embeddable":true,"href":"https:\/\/www.mendoza.gov.ar\/prensa\/wp-json\/wp\/v2\/users\/2"}],"replies":[{"embeddable":true,"href":"https:\/\/www.mendoza.gov.ar\/prensa\/wp-json\/wp\/v2\/comments?post=77267"}],"version-history":[{"count":0,"href":"https:\/\/www.mendoza.gov.ar\/prensa\/wp-json\/wp\/v2\/posts\/77267\/revisions"}],"wp:featuredmedia":[{"embeddable":true,"href":"https:\/\/www.mendoza.gov.ar\/prensa\/wp-json\/wp\/v2\/media\/77268"}],"wp:attachment":[{"href":"https:\/\/www.mendoza.gov.ar\/prensa\/wp-json\/wp\/v2\/media?parent=77267"}],"wp:term":[{"taxonomy":"category","embeddable":true,"href":"https:\/\/www.mendoza.gov.ar\/prensa\/wp-json\/wp\/v2\/categories?post=77267"},{"taxonomy":"post_tag","embeddable":true,"href":"https:\/\/www.mendoza.gov.ar\/prensa\/wp-json\/wp\/v2\/tags?post=77267"}],"curies":[{"name":"wp","href":"https:\/\/api.w.org\/{rel}","templated":true}]}}