{"id":77314,"date":"2017-01-04T16:31:44","date_gmt":"2017-01-04T19:31:44","guid":{"rendered":"http:\/\/prensa.mendoza.gov.ar\/?p=77314"},"modified":"2017-01-04T16:31:44","modified_gmt":"2017-01-04T19:31:44","slug":"los-ex-empleados-de-eptm-seran-reubicados-en-areas-del-gobierno-provincial","status":"publish","type":"post","link":"https:\/\/www.mendoza.gov.ar\/prensa\/los-ex-empleados-de-eptm-seran-reubicados-en-areas-del-gobierno-provincial\/","title":{"rendered":"Los ex empleados de EPTM ser\u00e1n reubicados en \u00e1reas del Gobierno Provincial"},"content":{"rendered":"<!DOCTYPE html PUBLIC \"-\/\/W3C\/\/DTD HTML 4.0 Transitional\/\/EN\" \"http:\/\/www.w3.org\/TR\/REC-html40\/loose.dtd\">\n<html><body><p>Se realiz&oacute; hoy la primera reuni&oacute;n con todos los ex empleados de EPTM que continuar&aacute;n cumpliendo funciones en el Estado provincial. Desde ma&ntilde;ana y hasta el pr&oacute;ximo martes, los trabajadores mantendr&aacute;n reuniones con los encargados de recursos humanos del &aacute;rea correspondiente y desde el mi&eacute;rcoles 11 se realizar&aacute;n entrevistas personalizadas y se les entregar&aacute; informaci&oacute;n m&aacute;s detallada sobre horarios y funciones que deber&aacute;n cumplir.<\/p>\n<p>La directora general de Recursos Humanos, &Eacute;rica Rojas, explic&oacute; que el procedimiento que realiza el Estado provincial para reubicar al personal de la Empresa Provincial de Transporte comenz&oacute; en setiembre de 2016 con el relevamiento del personal, sus funciones y el perfil individual.<\/p>\n<p>&ldquo;Paralelamente se hizo un relevamiento en todas las dependencias de la Administraci&oacute;n Central y descentralizados para conocer tambi&eacute;n cu&aacute;les eran las necesidades que ellos ten&iacute;an y la demanda que pod&iacute;an hacer en relaci&oacute;n con los puestos de trabajo de acuerdo a si eran choferes, administrativos, profesionales, mec&aacute;nicos o personal de servicios generales. En base a esa demanda, se comenz&oacute; a hacer la redistribuci&oacute;n de los 285 ex empleados&rdquo;, agreg&oacute; la funcionaria.<\/p>\n<\/body><\/html>\n","protected":false},"excerpt":{"rendered":"Son 285 personas que cumplir\u00e1n tareas en el Ministerio de Salud, el Ministerio de Seguridad, la Direcci\u00f3n de Vialidad y la Direcci\u00f3n de Defensa del Consumidor. ","protected":false},"author":2,"featured_media":77315,"comment_status":"open","ping_status":"open","sticky":false,"template":"","format":"standard","meta":[],"categories":[20],"tags":[],"_links":{"self":[{"href":"https:\/\/www.mendoza.gov.ar\/prensa\/wp-json\/wp\/v2\/posts\/77314"}],"collection":[{"href":"https:\/\/www.mendoza.gov.ar\/prensa\/wp-json\/wp\/v2\/posts"}],"about":[{"href":"https:\/\/www.mendoza.gov.ar\/prensa\/wp-json\/wp\/v2\/types\/post"}],"author":[{"embeddable":true,"href":"https:\/\/www.mendoza.gov.ar\/prensa\/wp-json\/wp\/v2\/users\/2"}],"replies":[{"embeddable":true,"href":"https:\/\/www.mendoza.gov.ar\/prensa\/wp-json\/wp\/v2\/comments?post=77314"}],"version-history":[{"count":0,"href":"https:\/\/www.mendoza.gov.ar\/prensa\/wp-json\/wp\/v2\/posts\/77314\/revisions"}],"wp:featuredmedia":[{"embeddable":true,"href":"https:\/\/www.mendoza.gov.ar\/prensa\/wp-json\/wp\/v2\/media\/77315"}],"wp:attachment":[{"href":"https:\/\/www.mendoza.gov.ar\/prensa\/wp-json\/wp\/v2\/media?parent=77314"}],"wp:term":[{"taxonomy":"category","embeddable":true,"href":"https:\/\/www.mendoza.gov.ar\/prensa\/wp-json\/wp\/v2\/categories?post=77314"},{"taxonomy":"post_tag","embeddable":true,"href":"https:\/\/www.mendoza.gov.ar\/prensa\/wp-json\/wp\/v2\/tags?post=77314"}],"curies":[{"name":"wp","href":"https:\/\/api.w.org\/{rel}","templated":true}]}}