{"id":77344,"date":"2017-01-05T09:46:14","date_gmt":"2017-01-05T12:46:14","guid":{"rendered":"http:\/\/prensa.mendoza.gov.ar\/?p=77344"},"modified":"2017-01-05T09:46:14","modified_gmt":"2017-01-05T12:46:14","slug":"entregan-compensacion-economica-a-154-grandes-industrias-de-mendoza","status":"publish","type":"post","link":"https:\/\/www.mendoza.gov.ar\/prensa\/entregan-compensacion-economica-a-154-grandes-industrias-de-mendoza\/","title":{"rendered":"Entregan compensaci\u00f3n econ\u00f3mica a 154 grandes industrias de Mendoza"},"content":{"rendered":"<!DOCTYPE html PUBLIC \"-\/\/W3C\/\/DTD HTML 4.0 Transitional\/\/EN\" \"http:\/\/www.w3.org\/TR\/REC-html40\/loose.dtd\">\n<html><body><div id=\":14s\" class=\"ii gt adP adO\">\n<div id=\":14k\" class=\"a3s aXjCH m1596e9fa6d1d34a6\">\n<div id=\"m_-8992089891974493967yiv3642544653\">\n<div id=\"m_-8992089891974493967yui_3_16_0_ym19_1_1483619186985_6121\">\n<div id=\"m_-8992089891974493967yui_3_16_0_ym19_1_1483619186985_6120\">\n<div id=\"m_-8992089891974493967yui_3_16_0_ym19_1_1483619186985_6119\" class=\"m_-8992089891974493967yiv3642544653qtdSeparateBR\">Luego de varias reuniones mantenidas entre miembros del Gobierno provincial y representantes del sector industrial local, en las que&nbsp;estos&nbsp;&uacute;ltimos expresaban la necesidad de una ayuda para poder sobrellevar el&nbsp;incremento en la tarifa del servicio el&eacute;ctrico, se lleg&oacute; a un&nbsp;acuerdo a trav&eacute;s del cual la Naci&oacute;n y&nbsp;la Provincia dar&aacute;n por&nbsp;&uacute;nica vez una compensaci&oacute;n.<\/div>\n<\/div>\n<\/div>\n<\/div>\n<div id=\"m_-8992089891974493967yui_3_16_0_ym19_1_1483619186985_6105\" class=\"m_-8992089891974493967.yiv3642544653yahoo_quoted\">\n<div id=\"m_-8992089891974493967yiv3642544653yui_3_16_0_ym19_1_1483535400605_3812\">\n<div id=\"m_-8992089891974493967yiv3642544653yui_3_16_0_ym19_1_1483535400605_3811\">\n<div id=\"m_-8992089891974493967yiv3642544653yui_3_16_0_ym19_1_1483535400605_3852\" class=\"m_-8992089891974493967yiv3642544653y_msg_container\"><\/div>\n<div id=\"m_-8992089891974493967yiv3642544653yui_3_16_0_ym19_1_1483535400605_3852\" class=\"m_-8992089891974493967yiv3642544653y_msg_container\">Alcanzar&aacute; la suma de $10.755.880 y se har&aacute; efectiva con industrias locales de varios rubros, como alimenticio, vitivin&iacute;cola, oliv&iacute;cola, metalmec&aacute;nico,&nbsp;minero, gr&aacute;fico y maderero, entre otros, radicadas en todo el territorio&nbsp;provincial.<\/div>\n<div id=\"m_-8992089891974493967yiv3642544653yui_3_16_0_ym19_1_1483535400605_3852\" class=\"m_-8992089891974493967yiv3642544653y_msg_container\"><\/div>\n<div id=\"m_-8992089891974493967yiv3642544653yui_3_16_0_ym19_1_1483535400605_3852\" class=\"m_-8992089891974493967yiv3642544653y_msg_container\">Concretamente, entre el Ministerio de Producci&oacute;n de la Naci&oacute;n y el&nbsp;Ministerio de Econom&iacute;a, Infraestructura y Energ&iacute;a se trabaj&oacute; durante el&nbsp;segundo semestre de 2016 con un listado de grandes consumidores de energ&iacute;a&nbsp;el&eacute;ctrica, suministrado por el Ente Provincial Regulador El&eacute;ctrico (EPRE)&nbsp;para analizar los potenciales beneficiarios de esta compensaci&oacute;n.<\/div>\n<div id=\"m_-8992089891974493967yiv3642544653yui_3_16_0_ym19_1_1483535400605_3852\" class=\"m_-8992089891974493967yiv3642544653y_msg_container\">Sobre este tema, el subsecretario de Industria y Comercio, Guillermo Cruz, confirm&oacute; que &ldquo;el Gobierno nacional destinar&aacute; un monto de $7.170.587 y la provincia, $ 3.585.293, para que 154 industrias locales puedan hacer frente al&nbsp;impacto que tuvieron a partir del reajuste en la tarifa del servicio&nbsp;el&eacute;ctrico&rdquo;. Adem&aacute;s, agreg&oacute;: &ldquo;Uno de los objetivos principales de esta iniciativa es que&nbsp;las empresas sigan siendo competitivas y puedan mantener los puestos de&nbsp;trabajo que ya tienen adem&aacute;s de, eventualmente, poder generar m&aacute;s&rdquo;.<\/div>\n<div id=\"m_-8992089891974493967yui_3_16_0_ym19_1_1483619186985_6149\" class=\"m_-8992089891974493967qtdSeparateBR\"><\/div>\n<\/div>\n<\/div>\n<\/div>\n<\/div>\n<\/div>\n<div id=\":195\" class=\"hq gt a10\"><\/div>\n<\/body><\/html>\n","protected":false},"excerpt":{"rendered":"A trav\u00e9s del Decreto 1562, el Gobierno dispuso un fondo por \u00fanica vez de m\u00e1s de $10 millones para grandes consumidores el\u00e9ctricos. Buscan compensar el aumento tarifario con aportes nacionales y provinciales.","protected":false},"author":2,"featured_media":77345,"comment_status":"open","ping_status":"open","sticky":false,"template":"","format":"standard","meta":[],"categories":[1],"tags":[],"_links":{"self":[{"href":"https:\/\/www.mendoza.gov.ar\/prensa\/wp-json\/wp\/v2\/posts\/77344"}],"collection":[{"href":"https:\/\/www.mendoza.gov.ar\/prensa\/wp-json\/wp\/v2\/posts"}],"about":[{"href":"https:\/\/www.mendoza.gov.ar\/prensa\/wp-json\/wp\/v2\/types\/post"}],"author":[{"embeddable":true,"href":"https:\/\/www.mendoza.gov.ar\/prensa\/wp-json\/wp\/v2\/users\/2"}],"replies":[{"embeddable":true,"href":"https:\/\/www.mendoza.gov.ar\/prensa\/wp-json\/wp\/v2\/comments?post=77344"}],"version-history":[{"count":0,"href":"https:\/\/www.mendoza.gov.ar\/prensa\/wp-json\/wp\/v2\/posts\/77344\/revisions"}],"wp:featuredmedia":[{"embeddable":true,"href":"https:\/\/www.mendoza.gov.ar\/prensa\/wp-json\/wp\/v2\/media\/77345"}],"wp:attachment":[{"href":"https:\/\/www.mendoza.gov.ar\/prensa\/wp-json\/wp\/v2\/media?parent=77344"}],"wp:term":[{"taxonomy":"category","embeddable":true,"href":"https:\/\/www.mendoza.gov.ar\/prensa\/wp-json\/wp\/v2\/categories?post=77344"},{"taxonomy":"post_tag","embeddable":true,"href":"https:\/\/www.mendoza.gov.ar\/prensa\/wp-json\/wp\/v2\/tags?post=77344"}],"curies":[{"name":"wp","href":"https:\/\/api.w.org\/{rel}","templated":true}]}}