{"id":77369,"date":"2017-01-05T21:09:40","date_gmt":"2017-01-06T00:09:40","guid":{"rendered":"http:\/\/prensa.mendoza.gov.ar\/?p=77369"},"modified":"2017-01-05T21:09:40","modified_gmt":"2017-01-06T00:09:40","slug":"el-gobernador-participo-de-la-celebracion-por-el-bicentenario-de-la-bandera-de-los-andes","status":"publish","type":"post","link":"https:\/\/www.mendoza.gov.ar\/prensa\/el-gobernador-participo-de-la-celebracion-por-el-bicentenario-de-la-bandera-de-los-andes\/","title":{"rendered":"El Gobernador particip\u00f3 en la celebraci\u00f3n del Bicentenario de la Bandera de los Andes"},"content":{"rendered":"<!DOCTYPE html PUBLIC \"-\/\/W3C\/\/DTD HTML 4.0 Transitional\/\/EN\" \"http:\/\/www.w3.org\/TR\/REC-html40\/loose.dtd\">\n<html><body><p>La ceremonia&nbsp;fue encabezada por el Gobernador Alfredo Cornejo, quien expres&oacute; que en un acto &ldquo;austero y significativo, los mendocinos estamos celebrando los 200 de un gran hito sanmartiniano&rdquo;. El Gobernador agreg&oacute; que se trata de &ldquo;un aniversario muy importante, al igual que lo ser&aacute; el 24 de enero, cuando se cumplan 200 a&ntilde;os de la partida del Ej&eacute;rcito Libertador, esto tiene una inmensa importancia para los pa&iacute;ses del Cono Sur, no s&oacute;lo para Argentina&rdquo;.<\/p>\n<div>Alfredo Cornejo se mostr&oacute; complacido por haber contado en el acto con la compa&ntilde;&iacute;a de los dos c&oacute;nsules de los pa&iacute;ses entonces librados por el general San Mart&iacute;n: Chile y Per&uacute;. La c&oacute;nsul general de Per&uacute;, Dora M. Salazar de Watkins, y Roberto Araos S&aacute;nchez, c&oacute;nsul general de Chile en Mendoza.<\/div>\n<div><\/div>\n<div>Por su parte, luego de descubrir la placa recordatoria junto a las autoridades provinciales y consulares, el secretario de Cultura de Mendoza, Diego Gareca, en un breve discurso se refiri&oacute; a esta&nbsp;jornada importante para los mendocinos. &ldquo;San Mart&iacute;n es uno de los personajes institucionales m&aacute;s importantes de la historia de nuestra provincia&rdquo;. Agreg&oacute; que es un gran honor para el Gobierno de Mendoza estar acompa&ntilde;ando el tr&aacute;nsito de esta fecha hist&oacute;rica para la Rep&uacute;blica Argentina.<\/div>\n<div><\/div>\n<div>&ldquo;La presencia del cuerpo consular de los pa&iacute;ses hermanos demuestra tambi&eacute;n la importancia de la gesta sanmartiniana, que dio la libertad a tres pa&iacute;ses de Am&eacute;rica&rdquo;, observ&oacute; el funcionario del &aacute;rea cultural<\/div>\n<div><\/div>\n<div>Gareca adelant&oacute; que habr&aacute; una base importante de actividades para celebrar estas fechas en el Campo Hist&oacute;rico del Plumerillo, en Las Heras, donde se est&aacute; trabajando para conmemorar la fecha hist&oacute;rica m&aacute;s importante que tendr&aacute; nuestro pa&iacute;s este a&ntilde;o.<\/div>\n<div><\/div>\n<div>Finaliz&oacute; diciendo que en Mendoza se acun&oacute; la libertad, aqu&iacute; se form&oacute; el Ej&eacute;rcito Libertador, as&iacute; es que &ldquo;como mendocinos, debemos rendir tributo y agradecer al general San Mart&iacute;n&rdquo;.<\/div>\n<div><\/div>\n<div>Tambi&eacute;n estuvo presente la vicegobernadora de la Provincia, Laura Montero, junto a ministros del gabinete provincial y representantes de asociaciones sanmartinianas hist&oacute;ricas, como las Damas Pro Glorias Mendocinas, y&nbsp;el&nbsp;comandante de la VIII Brigada&nbsp;de Monta&ntilde;a, general de&nbsp;Brigada&nbsp;Gerardo Claudio&nbsp;Ferrara.<\/div>\n<div><\/div>\n<div><a href=\"https:\/\/www.mendoza.gov.ar\/prensa\/wp-content\/uploads\/sites\/23\/guardia1.jpg\"><img loading=\"lazy\" class=\"alignnone wp-image-77422 img-responsive center-block\" src=\"https:\/\/www.mendoza.gov.ar\/prensa\/wp-content\/uploads\/sites\/23\/guardia1.jpg\" alt=\"\" width=\"650\" height=\"396\"><\/a><\/div>\n<p><strong>La&nbsp;historia<\/strong><\/p>\n<div class=\"entry-content\">El 5 de enero de 1817, el general San Mart&iacute;n tuvo a todas las tropas armadas para el gran Cruce de los Andes, pero previamente decidi&oacute; hacer el juramento a la bandera, confeccionada por las monjas del Monasterio de la Buena Ense&ntilde;anza, hoy Compa&ntilde;&iacute;a de Mar&iacute;a, con ayuda de las damas mendocinas. Aquel d&iacute;a, toda la calle de la Ca&ntilde;ada, actual Ituzaing&oacute;, por donde deb&iacute;a entrar a la ciudad el Ej&eacute;rcito de los Andes, fue engalanada con arcos florales y colgaduras de colores, lo mismo que los balcones y frentes de los edificios que rodeaban la plaza principal. Un gent&iacute;o hab&iacute;a invadido las calles, plazas y esquinas, buscando los mejores lugares para no perderse detalle de la ceremonia. El Ej&eacute;rcito penetr&oacute; por la calle Ca&ntilde;ada, sigui&oacute; al sur por la calle San Nicol&aacute;s, hoy San Mart&iacute;n, tom&oacute; luego por la Alameda, plantada por el general y dobl&oacute; al Este por la calle San Francisco, hoy Fray Luis Beltr&aacute;n, en direcci&oacute;n al convento del mismo nombre. Ese d&iacute;a, desde el templo de San Francisco, sali&oacute; en procesi&oacute;n la imagen de nuestra Se&ntilde;ora del Carmen hacia la Iglesia Matriz, para la bendici&oacute;n de la bandera. Ya en el templo y con militares, pol&iacute;ticos, vecinos y pueblo presentes, se ofici&oacute; misa y las damas mendocinas presentaron la bandera en una bandeja de plata. As&iacute;, en la Iglesia Matriz, ubicada en Alberdi e Ituzaing&oacute; de Ciudad, San Mart&iacute;n present&oacute; la bandera. Luego, el p&aacute;rroco Guiraldes bendijo&nbsp;la bandera y el bast&oacute;n de mando. Durante este mismo acto, se coloc&oacute; a las tropas bajo la protecci&oacute;n de la Virgen del Carmen como Patrona y Generala del Ej&eacute;rcito de los Andes. Por la tarde, fue jurada por todo el Ej&eacute;rcito de los Andes en el campo de instrucci&oacute;n. Luego, parti&oacute; camino a la gloria al frente de las tropas y, tras la liberaci&oacute;n de Chile, San Mart&iacute;n la dej&oacute; en Santiago, al cuidado de Bernardo O&rsquo;Higgins, antes de partir a Per&uacute;.<a href=\"https:\/\/www.mendoza.gov.ar\/prensa\/wp-content\/uploads\/sites\/23\/autori.jpg\"><img loading=\"lazy\" class=\"alignnone wp-image-77423 img-responsive center-block\" src=\"https:\/\/www.mendoza.gov.ar\/prensa\/wp-content\/uploads\/sites\/23\/autori.jpg\" alt=\"\" width=\"650\" height=\"390\"><\/a><strong>5 de Enero, d&iacute;a de la Bandera provincial<\/strong><\/div>\n<div class=\"entry-content\"><\/div>\n<div class=\"entry-content\">Desde 1992, a trav&eacute;s de la Ley 5930, se reconoce a la Bandera del Ej&eacute;rcito de los Andes como Bandera Provincial. En 2013, y gracias a la sanci&oacute;n de la Ley 8557, se instituye el 5 de enero como el D&iacute;a de la Bandera Provincial, en concordancia con la fecha de bendici&oacute;n de la Bandera de los Andes y entrega del bast&oacute;n de mando del Ej&eacute;rcito de los Andes a la Virgen del Carmen de Cuyo.<\/div>\n<div class=\"entry-content\">https:\/\/soundcloud.com\/user-708885808\/cornejo-acto-bandera-de-los-andes-050112https:\/\/soundcloud.com\/user-708885808\/diego-gareca-bicentenario-bandera-de-los-andes-050117\n<p>&nbsp;<\/p>\n<\/div>\n<\/body><\/html>\n","protected":false},"excerpt":{"rendered":"Esta tarde, en el Memorial de la Bandera se conmemor\u00f3 el Bicentenario de la bendici\u00f3n de la Bandera de los Andes y la entrega del bast\u00f3n de mando del general San Mart\u00edn a la Virgen del Carmen de Cuyo. Otro motivo de celebraci\u00f3n fue el aniversario de la jura de lealtad a la Bandera de los Andes por parte del Ej\u00e9rcito.","protected":false},"author":2,"featured_media":77421,"comment_status":"open","ping_status":"open","sticky":false,"template":"","format":"standard","meta":[],"categories":[19],"tags":[],"_links":{"self":[{"href":"https:\/\/www.mendoza.gov.ar\/prensa\/wp-json\/wp\/v2\/posts\/77369"}],"collection":[{"href":"https:\/\/www.mendoza.gov.ar\/prensa\/wp-json\/wp\/v2\/posts"}],"about":[{"href":"https:\/\/www.mendoza.gov.ar\/prensa\/wp-json\/wp\/v2\/types\/post"}],"author":[{"embeddable":true,"href":"https:\/\/www.mendoza.gov.ar\/prensa\/wp-json\/wp\/v2\/users\/2"}],"replies":[{"embeddable":true,"href":"https:\/\/www.mendoza.gov.ar\/prensa\/wp-json\/wp\/v2\/comments?post=77369"}],"version-history":[{"count":0,"href":"https:\/\/www.mendoza.gov.ar\/prensa\/wp-json\/wp\/v2\/posts\/77369\/revisions"}],"wp:featuredmedia":[{"embeddable":true,"href":"https:\/\/www.mendoza.gov.ar\/prensa\/wp-json\/wp\/v2\/media\/77421"}],"wp:attachment":[{"href":"https:\/\/www.mendoza.gov.ar\/prensa\/wp-json\/wp\/v2\/media?parent=77369"}],"wp:term":[{"taxonomy":"category","embeddable":true,"href":"https:\/\/www.mendoza.gov.ar\/prensa\/wp-json\/wp\/v2\/categories?post=77369"},{"taxonomy":"post_tag","embeddable":true,"href":"https:\/\/www.mendoza.gov.ar\/prensa\/wp-json\/wp\/v2\/tags?post=77369"}],"curies":[{"name":"wp","href":"https:\/\/api.w.org\/{rel}","templated":true}]}}