{"id":77461,"date":"2017-01-06T12:35:05","date_gmt":"2017-01-06T15:35:05","guid":{"rendered":"http:\/\/prensa.mendoza.gov.ar\/?p=77461"},"modified":"2017-01-06T12:35:05","modified_gmt":"2017-01-06T15:35:05","slug":"el-gobernador-recorrio-las-instalaciones-del-notti","status":"publish","type":"post","link":"https:\/\/www.mendoza.gov.ar\/prensa\/el-gobernador-recorrio-las-instalaciones-del-notti\/","title":{"rendered":"El Gobernador recorri\u00f3 las instalaciones del Notti"},"content":{"rendered":"<!DOCTYPE html PUBLIC \"-\/\/W3C\/\/DTD HTML 4.0 Transitional\/\/EN\" \"http:\/\/www.w3.org\/TR\/REC-html40\/loose.dtd\">\n<html><body><p>El Gobernador Alfredo Cornejo y el ministro de Salud, Desarrollo Social y Deportes, Rub&eacute;n Giacchi, visitaron esta ma&ntilde;ana a los chicos internados del&nbsp;Hospital Humberto Notti. Junto al director del centro asistencial, Ra&uacute;l Rufeli, y al subsecretario de Salud, Oscar&nbsp;Sag&aacute;s, recorrieron las habitaciones del lugar, la sala de guardia&nbsp;y los sectores internaci&oacute;n, consultorios y otros espacios.<\/p>\n<p><a href=\"https:\/\/www.mendoza.gov.ar\/prensa\/wp-content\/uploads\/sites\/23\/1DSC_00611.jpg\"><img loading=\"lazy\" class=\"alignnone wp-image-77463 img-responsive center-block\" src=\"https:\/\/www.mendoza.gov.ar\/prensa\/wp-content\/uploads\/sites\/23\/1DSC_00611.jpg\" alt=\"\" width=\"650\" height=\"432\"><\/a><\/p>\n<p>Las autoridades se interiorizaron del estado de salud y patolog&iacute;a de cada uno de los pacientes a los que vieron, compartiendo con ellos algunas horas junto a doctores y enfermeros. Adem&aacute;s dialogaron con el personal que cumpl&iacute;a funciones durante la visita que se realiz&oacute; esta ma&ntilde;ana.<\/p>\n<p><strong>Los Reyes Magos<\/strong><\/p>\n<p>Mientras los funcionarios recorr&iacute;an las instalaciones, en otro sector del lugar, los Reyes Magos obsequiaban juguetes a los chicos internados en el hospital pedi&aacute;trico. Hasta all&iacute; llegaron Cornejo, Giacchi, Sag&aacute;s y Rufeli, una vez finalizada la visita que realizaron, para agradecerles la labor que alegr&oacute; a los peque&ntilde;os pacientes.<\/p>\n<p><a href=\"https:\/\/www.mendoza.gov.ar\/prensa\/wp-content\/uploads\/sites\/23\/1DSC_0068.jpg\"><img loading=\"lazy\" class=\"alignnone wp-image-77464 img-responsive center-block\" src=\"https:\/\/www.mendoza.gov.ar\/prensa\/wp-content\/uploads\/sites\/23\/1DSC_0068.jpg\" alt=\"\" width=\"650\" height=\"462\"><\/a><\/p>\n<p>A trav&eacute;s de la actividad se logr&oacute; que los ni&ntilde;os internados pasaran un momento agradable junto a sus familiares y a los m&eacute;dicos de la instituci&oacute;n. Desde temprano, los Reyes Magos llegaron al hospital y fueron ellos los encargados de entregarle su juguete a cada ni&ntilde;o.<\/p>\n<p>La iniciativa surgi&oacute; del grupo &ldquo;Los Reyes Magos de la Cabalgata&rdquo; y cont&oacute; con el apoyo del Ministerio de Salud, Desarrollo Social y Deportes. Se sumaron al proyecto diferentes organizaciones de la sociedad civil y de la sociedad mendocina que se organiz&oacute; para realizar cadenas &ndash;a trav&eacute;s de las redes sociales&ndash; para conseguir las donaciones.<\/p>\n<p><a href=\"https:\/\/www.mendoza.gov.ar\/prensa\/wp-content\/uploads\/sites\/23\/1DSC_0146.jpg\"><img loading=\"lazy\" class=\"alignnone wp-image-77465 img-responsive center-block\" src=\"https:\/\/www.mendoza.gov.ar\/prensa\/wp-content\/uploads\/sites\/23\/1DSC_0146.jpg\" alt=\"\" width=\"650\" height=\"432\"><\/a><\/p>\n<p>En total, cerca de 600 juguetes ser&aacute;n entregados en centros sanitarios de la provincia en el transcurso del d&iacute;a. La actividad se realiz&oacute; ayer en el hospital Schestakow de San Rafael y continuar&aacute; hoy en el Ram&oacute;n Carrillo, de Las Heras; en el Sanatorio Fleming, de Ciudad, y en el regional&nbsp;Diego Paroissien, de Maip&uacute;.<\/p>\n<\/body><\/html>\n","protected":false},"excerpt":{"rendered":"Acompa\u00f1ado por el ministro de Salud y el director del hospital, Cornejo visit\u00f3 el hospital pedi\u00e1trico de Guaymall\u00e9n.","protected":false},"author":2,"featured_media":77462,"comment_status":"open","ping_status":"open","sticky":false,"template":"","format":"standard","meta":[],"categories":[19],"tags":[],"_links":{"self":[{"href":"https:\/\/www.mendoza.gov.ar\/prensa\/wp-json\/wp\/v2\/posts\/77461"}],"collection":[{"href":"https:\/\/www.mendoza.gov.ar\/prensa\/wp-json\/wp\/v2\/posts"}],"about":[{"href":"https:\/\/www.mendoza.gov.ar\/prensa\/wp-json\/wp\/v2\/types\/post"}],"author":[{"embeddable":true,"href":"https:\/\/www.mendoza.gov.ar\/prensa\/wp-json\/wp\/v2\/users\/2"}],"replies":[{"embeddable":true,"href":"https:\/\/www.mendoza.gov.ar\/prensa\/wp-json\/wp\/v2\/comments?post=77461"}],"version-history":[{"count":0,"href":"https:\/\/www.mendoza.gov.ar\/prensa\/wp-json\/wp\/v2\/posts\/77461\/revisions"}],"wp:featuredmedia":[{"embeddable":true,"href":"https:\/\/www.mendoza.gov.ar\/prensa\/wp-json\/wp\/v2\/media\/77462"}],"wp:attachment":[{"href":"https:\/\/www.mendoza.gov.ar\/prensa\/wp-json\/wp\/v2\/media?parent=77461"}],"wp:term":[{"taxonomy":"category","embeddable":true,"href":"https:\/\/www.mendoza.gov.ar\/prensa\/wp-json\/wp\/v2\/categories?post=77461"},{"taxonomy":"post_tag","embeddable":true,"href":"https:\/\/www.mendoza.gov.ar\/prensa\/wp-json\/wp\/v2\/tags?post=77461"}],"curies":[{"name":"wp","href":"https:\/\/api.w.org\/{rel}","templated":true}]}}