{"id":77472,"date":"2017-01-06T13:53:19","date_gmt":"2017-01-06T16:53:19","guid":{"rendered":"http:\/\/prensa.mendoza.gov.ar\/?p=77472"},"modified":"2017-01-06T13:53:19","modified_gmt":"2017-01-06T16:53:19","slug":"san-suites-la-subsecretaria-de-trabajo-sanciono-a-la-empresa","status":"publish","type":"post","link":"https:\/\/www.mendoza.gov.ar\/prensa\/san-suites-la-subsecretaria-de-trabajo-sanciono-a-la-empresa\/","title":{"rendered":"San Suites: la Subsecretar\u00eda de Trabajo sancion\u00f3 a la empresa"},"content":{"rendered":"<!DOCTYPE html PUBLIC \"-\/\/W3C\/\/DTD HTML 4.0 Transitional\/\/EN\" \"http:\/\/www.w3.org\/TR\/REC-html40\/loose.dtd\">\n<html><body><p>El mi&eacute;rcoles 4 de enero,&nbsp;inspectores de la Subsecretar&iacute;a de Trabajo se dirigieron a la empresa San Suites, la cual recientemente cambi&oacute; de due&ntilde;o y dej&oacute; a empleados y clientes en situaci&oacute;n irregular.<\/p>\n<p>En este operativo fueron relevados 12 trabajadores, se verificaron los recibos de sueldo y comprobantes de entrega de ropa y se realiz&oacute; un acta de constataci&oacute;n en la cual verbalmente los trabajadores afirman que la empresa como tal no existe m&aacute;s, que desconoce su continuidad laboral y les adeuda tres&nbsp;meses de sueldo.<\/p>\n<p>Frente a esta situaci&oacute;n, inspectores de la Subsecretar&iacute;a de Trabajo emplazaron a la empresa a presentar toda la documentaci&oacute;n correspondiente de sus empleados. El subsecretario de Trabajo, Alejandro Jofr&eacute;, dijo que &ldquo;ning&uacute;n representante de la empresa San Suites se hizo presente hoy viernes. Por este motivo procedimos a labrar un acta de infracci&oacute;n y se eval&uacute;a c&oacute;mo continuar&aacute; el conflicto&rdquo;.<\/p>\n<\/body><\/html>\n","protected":false},"excerpt":{"rendered":"La empresa San Suites estaba citada para hoy viernes, a las 9, en la Subsecretar\u00eda de Trabajo. All\u00ed deb\u00eda presentar la documentaci\u00f3n completa de sus empleados. Como al emplazamiento no concurri\u00f3 ning\u00fan representante, la subsecretar\u00eda labr\u00f3 el acta de infracci\u00f3n correspondiente.","protected":false},"author":2,"featured_media":77477,"comment_status":"open","ping_status":"open","sticky":false,"template":"","format":"standard","meta":[],"categories":[20],"tags":[],"_links":{"self":[{"href":"https:\/\/www.mendoza.gov.ar\/prensa\/wp-json\/wp\/v2\/posts\/77472"}],"collection":[{"href":"https:\/\/www.mendoza.gov.ar\/prensa\/wp-json\/wp\/v2\/posts"}],"about":[{"href":"https:\/\/www.mendoza.gov.ar\/prensa\/wp-json\/wp\/v2\/types\/post"}],"author":[{"embeddable":true,"href":"https:\/\/www.mendoza.gov.ar\/prensa\/wp-json\/wp\/v2\/users\/2"}],"replies":[{"embeddable":true,"href":"https:\/\/www.mendoza.gov.ar\/prensa\/wp-json\/wp\/v2\/comments?post=77472"}],"version-history":[{"count":0,"href":"https:\/\/www.mendoza.gov.ar\/prensa\/wp-json\/wp\/v2\/posts\/77472\/revisions"}],"wp:featuredmedia":[{"embeddable":true,"href":"https:\/\/www.mendoza.gov.ar\/prensa\/wp-json\/wp\/v2\/media\/77477"}],"wp:attachment":[{"href":"https:\/\/www.mendoza.gov.ar\/prensa\/wp-json\/wp\/v2\/media?parent=77472"}],"wp:term":[{"taxonomy":"category","embeddable":true,"href":"https:\/\/www.mendoza.gov.ar\/prensa\/wp-json\/wp\/v2\/categories?post=77472"},{"taxonomy":"post_tag","embeddable":true,"href":"https:\/\/www.mendoza.gov.ar\/prensa\/wp-json\/wp\/v2\/tags?post=77472"}],"curies":[{"name":"wp","href":"https:\/\/api.w.org\/{rel}","templated":true}]}}