{"id":77478,"date":"2017-01-06T14:16:46","date_gmt":"2017-01-06T17:16:46","guid":{"rendered":"http:\/\/prensa.mendoza.gov.ar\/?p=77478"},"modified":"2017-01-06T14:16:46","modified_gmt":"2017-01-06T17:16:46","slug":"cornejo-finalizamos-el-2016-sin-deuda-en-el-ministerio-de-salud","status":"publish","type":"post","link":"https:\/\/www.mendoza.gov.ar\/prensa\/cornejo-finalizamos-el-2016-sin-deuda-en-el-ministerio-de-salud\/","title":{"rendered":"Cornejo: \u201cFinalizamos el 2016 sin deuda en el Ministerio de Salud\u201d"},"content":{"rendered":"<!DOCTYPE html PUBLIC \"-\/\/W3C\/\/DTD HTML 4.0 Transitional\/\/EN\" \"http:\/\/www.w3.org\/TR\/REC-html40\/loose.dtd\">\n<html><body><p>Acompa&ntilde;ado por el ministro de Salud, Desarrollo Social y Deportes, Rub&eacute;n Giacchi, el Gobernador Alfredo Cornejo anunci&oacute;: &ldquo;Hemos terminado el a&ntilde;o sin deuda en el Ministerio de Salud. Es un logro trascendente, ya que es la primera vez, en la &uacute;ltima d&eacute;cada, que esto sucede&rdquo;.<\/p>\n<p>La deuda, vulgarmente conocida como &ldquo;pinche&rdquo;, es la que se manten&iacute;a con los proveedores y que no se registraba para no abultar los d&eacute;ficits. Ascend&iacute;a a casi $400 millones, sin contar la que se ten&iacute;a con las obras sociales. &ldquo;Esto generaba distorsiones en la administraci&oacute;n de los hospitales y en la de los servicios m&aacute;s sustantivos de la cartera sanitaria. No registrarla generaba serias irregularidades&rdquo;, explic&oacute; Cornejo.<\/p>\n<p>Giacchi indic&oacute;: &ldquo;La deuda representaba para Salud el 45% del gasto del presupuesto disponible. Nosotros tambi&eacute;n terminamos con una deuda corriente, que se paga a 120 d&iacute;as y que implica entre 12% y 15%, por la demora en las facturas. Frente a estas dificultades, saldar la deuda y poder equipar hospitales y centros de salud, como en el caso del Schestakow, al que se le otorgaron insumos para poder atender todo el Sur provincial, es un buen avance&rdquo;.<\/p>\n<p>El ministro agreg&oacute;: &ldquo;Otro caso es el de los proveedores, en donde en cada licitaci&oacute;n se pagaban altos precios. Hab&iacute;a s&oacute;lo siete&nbsp;proveedores que manejaban el 95% de los insumos. Hoy, en cada llamado se presentan alrededor de 30, por lo que se abri&oacute; el juego y se paga a 60 d&iacute;as, lo que da garant&iacute;a&rdquo;.<\/p>\n<p><a href=\"https:\/\/www.mendoza.gov.ar\/prensa\/wp-content\/uploads\/sites\/23\/dentro13.jpg\"><img loading=\"lazy\" class=\"alignnone wp-image-77482 img-responsive center-block\" src=\"https:\/\/www.mendoza.gov.ar\/prensa\/wp-content\/uploads\/sites\/23\/dentro13.jpg\" alt=\"\" width=\"650\" height=\"432\"><\/a><\/p>\n<p>La regularizaci&oacute;n permitir&aacute; prestar mejores servicios. &ldquo;Tener los proveedores al d&iacute;a y todo registrado en blanco nos ayuda a poder exigirles a los proveedores y a los administradores de los hospitales mejores precios y servicios. Desde el Gobierno damos las condiciones para poder exigirles mayor eficacia y eficiencia en las prestaciones&rdquo;, subray&oacute; Cornejo.<\/p>\n<p>A pesar del atraso en los pagos, en 2016 se invirtieron $37 millones en equipamiento para hospitales y centros de salud. Se compraron tres&nbsp;tom&oacute;grafos ($15 millones), siete&nbsp;ec&oacute;grafos ($3.5 millones), un&nbsp;arco en C, una torre de endoscopia y una&nbsp;torre de laparoscopia ($5 millones).<\/p>\n<p>El Gobernador destac&oacute;: &ldquo;Nos proponemos seguir en esta direcci&oacute;n en todas las &aacute;reas del Estado. Estamos mejor en materia de administraci&oacute;n hospitalaria. Hoy recorrimos el Notti, ayer el Schestakow. No s&oacute;lo tenemos proveedores al d&iacute;a sino que estamos haciendo cambios hacia el interior del sistema&rdquo;.<\/p>\n<p>Explic&oacute; adem&aacute;s: &ldquo;En Alvear tambi&eacute;n hemos tenido progreso. Vamos a entregar equipamiento la semana que viene. En el Scaravelli estamos realizando operaciones pedi&aacute;tricas, que antes no se hac&iacute;an. Gracias a estas mejores, la gente del Valle de Uco no tendr&aacute; que trasladarse hasta al Notti. Hemos puesto en funcionamiento los pabellones del Hospital Carrillo. Es el primer a&ntilde;o que no tenemos colapso en materia pedi&aacute;trica&rdquo;.<\/p>\n<p>Por su parte, Giacchi destac&oacute;: &ldquo;Fue una tarea de mucho esfuerzo que se logr&oacute; gracias al apoyo pol&iacute;tico evidente de parte del Gobernador. Si tenemos un poco de memoria, hace un a&ntilde;o, ve&iacute;amos las dificultades que hab&iacute;a en hospitales, sin insumos. Hoy tenemos un stock de medicamentos e insumos generales para dos&nbsp;meses&rdquo;.<\/p>\n<p>Durante el encuentro estuvieron presentes la subsecretaria de Gesti&oacute;n y Administraci&oacute;n del ministerio, Liliana de L&aacute;zaro; el subsecretario de Salud, Oscar Sag&aacute;s, y el jefe de Gabinete de la cartera, Rodolfo Montero.<\/p>\n<\/body><\/html>\n","protected":false},"excerpt":{"rendered":"Conocida como \u201cpinche\u201d, se trata de la deuda que se ten\u00eda con los proveedores y que no se registraba para no abultar los d\u00e9ficits. Es la primera vez en los \u00faltimos 10 a\u00f1os que esto sucede.","protected":false},"author":2,"featured_media":77481,"comment_status":"open","ping_status":"open","sticky":false,"template":"","format":"standard","meta":[],"categories":[19],"tags":[],"_links":{"self":[{"href":"https:\/\/www.mendoza.gov.ar\/prensa\/wp-json\/wp\/v2\/posts\/77478"}],"collection":[{"href":"https:\/\/www.mendoza.gov.ar\/prensa\/wp-json\/wp\/v2\/posts"}],"about":[{"href":"https:\/\/www.mendoza.gov.ar\/prensa\/wp-json\/wp\/v2\/types\/post"}],"author":[{"embeddable":true,"href":"https:\/\/www.mendoza.gov.ar\/prensa\/wp-json\/wp\/v2\/users\/2"}],"replies":[{"embeddable":true,"href":"https:\/\/www.mendoza.gov.ar\/prensa\/wp-json\/wp\/v2\/comments?post=77478"}],"version-history":[{"count":0,"href":"https:\/\/www.mendoza.gov.ar\/prensa\/wp-json\/wp\/v2\/posts\/77478\/revisions"}],"wp:featuredmedia":[{"embeddable":true,"href":"https:\/\/www.mendoza.gov.ar\/prensa\/wp-json\/wp\/v2\/media\/77481"}],"wp:attachment":[{"href":"https:\/\/www.mendoza.gov.ar\/prensa\/wp-json\/wp\/v2\/media?parent=77478"}],"wp:term":[{"taxonomy":"category","embeddable":true,"href":"https:\/\/www.mendoza.gov.ar\/prensa\/wp-json\/wp\/v2\/categories?post=77478"},{"taxonomy":"post_tag","embeddable":true,"href":"https:\/\/www.mendoza.gov.ar\/prensa\/wp-json\/wp\/v2\/tags?post=77478"}],"curies":[{"name":"wp","href":"https:\/\/api.w.org\/{rel}","templated":true}]}}