{"id":77522,"date":"2017-01-06T17:23:29","date_gmt":"2017-01-06T20:23:29","guid":{"rendered":"http:\/\/prensa.mendoza.gov.ar\/?p=77522"},"modified":"2017-01-06T17:23:29","modified_gmt":"2017-01-06T20:23:29","slug":"ambiente-trabaja-en-la-rehabilitacion-y-liberacion-de-aves-rapaces","status":"publish","type":"post","link":"https:\/\/www.mendoza.gov.ar\/prensa\/ambiente-trabaja-en-la-rehabilitacion-y-liberacion-de-aves-rapaces\/","title":{"rendered":"Ambiente trabaja en la rehabilitaci\u00f3n y liberaci\u00f3n de aves rapaces"},"content":{"rendered":"<!DOCTYPE html PUBLIC \"-\/\/W3C\/\/DTD HTML 4.0 Transitional\/\/EN\" \"http:\/\/www.w3.org\/TR\/REC-html40\/loose.dtd\">\n<html><body><p>El a&ntilde;o pasado, la Direcci&oacute;n de Recursos Naturales Renovables de Mendoza, dependiente de la cartera de Ambiente, recuper&oacute; un amplio n&uacute;mero de aves, v&iacute;ctimas de venta, tenencia y caza ilegal. Luego de un complejo proceso de rehabilitaci&oacute;n,varios ejemplares fueron liberados en sus respectivos h&aacute;bitats. Ahora es el turno de las rapaces, entre las que se encuentran espec&iacute;menes de halc&oacute;n colorado (Falco sparverius) y gavil&aacute;n mixto (<em>Parabuteounicinctus)<\/em>, que en los pr&oacute;ximos d&iacute;as retornar&aacute;n a sus ecosistemas.<\/p>\n<p>En el caso de los gavilanes, fueron separados de su madre cuando un individuo los retir&oacute; del nido para venderlos a trav&eacute;s de redes sociales. Cuando los public&oacute; en la red, personal de Fauna que monitorea constantemente estos grupos de compra y venta los identific&oacute; y se simul&oacute; una compra para que el individuo expusiera sus datos y la ubicaci&oacute;n de los espec&iacute;menes. Junto con la Polic&iacute;a Rural, el personal de Ambiente se hizo presente en el lugar y se secuestraron los dos pichones y otras aves dispuestas para la venta ilegal. Luego de meses de rehabilitaci&oacute;n, estos dos pichones que hab&iacute;an sido condenados a una vida de cautiverio ser&aacute;n liberados.<\/p>\n<p>La atenci&oacute;n primaria y rehabilitaci&oacute;n se realiz&oacute; a trav&eacute;s del Departamento de Fauna de la Direcci&oacute;n de Recursos Naturales Renovables en conjunto con cetreros de la provincia de Mendoza y diversas ONG.<\/p>\n<p><strong>La importancia de las aves rapaces en nuestro ecosistema<\/strong><\/p>\n<p>Estos animales se encuentran en la parte superior de la cadena de alimentaci&oacute;n. Se alimentan de roedores, peces, insectos, anfibios y reptiles, a&nbsp;animales propensos a experimentar super&aacute;vit poblacional dependiendo de los factores de cada temporada.&nbsp;Las rapaces&nbsp;permiten controlar esas poblaciones, impidiendo la generaci&oacute;n de plagas perjudiciales para el ser humano en las zonas urbanas y para los cultivos en las zonas rurales.<\/p>\n<p>Estas especies forman parte de nuestra fauna provincial y se encuentran protegidas por la Ley nacional 22421, la Ley provincial 4602 y el Decreto Reglamentario 1890. Se recuerda a la poblaci&oacute;n que est&aacute;&nbsp;prohibida la tenencia de estos animales sin acreditar su origen legal.<\/p>\n<\/body><\/html>\n","protected":false},"excerpt":{"rendered":"Fueron recuperadas por el Departamento de Fauna y ser\u00e1n liberadas en los pr\u00f3ximos d\u00edas. ","protected":false},"author":2,"featured_media":77523,"comment_status":"open","ping_status":"open","sticky":false,"template":"","format":"standard","meta":[],"categories":[3],"tags":[],"_links":{"self":[{"href":"https:\/\/www.mendoza.gov.ar\/prensa\/wp-json\/wp\/v2\/posts\/77522"}],"collection":[{"href":"https:\/\/www.mendoza.gov.ar\/prensa\/wp-json\/wp\/v2\/posts"}],"about":[{"href":"https:\/\/www.mendoza.gov.ar\/prensa\/wp-json\/wp\/v2\/types\/post"}],"author":[{"embeddable":true,"href":"https:\/\/www.mendoza.gov.ar\/prensa\/wp-json\/wp\/v2\/users\/2"}],"replies":[{"embeddable":true,"href":"https:\/\/www.mendoza.gov.ar\/prensa\/wp-json\/wp\/v2\/comments?post=77522"}],"version-history":[{"count":0,"href":"https:\/\/www.mendoza.gov.ar\/prensa\/wp-json\/wp\/v2\/posts\/77522\/revisions"}],"wp:featuredmedia":[{"embeddable":true,"href":"https:\/\/www.mendoza.gov.ar\/prensa\/wp-json\/wp\/v2\/media\/77523"}],"wp:attachment":[{"href":"https:\/\/www.mendoza.gov.ar\/prensa\/wp-json\/wp\/v2\/media?parent=77522"}],"wp:term":[{"taxonomy":"category","embeddable":true,"href":"https:\/\/www.mendoza.gov.ar\/prensa\/wp-json\/wp\/v2\/categories?post=77522"},{"taxonomy":"post_tag","embeddable":true,"href":"https:\/\/www.mendoza.gov.ar\/prensa\/wp-json\/wp\/v2\/tags?post=77522"}],"curies":[{"name":"wp","href":"https:\/\/api.w.org\/{rel}","templated":true}]}}