{"id":77622,"date":"2017-01-10T09:37:20","date_gmt":"2017-01-10T12:37:20","guid":{"rendered":"http:\/\/prensa.mendoza.gov.ar\/?p=77622"},"modified":"2017-01-10T09:37:20","modified_gmt":"2017-01-10T12:37:20","slug":"lucha-antigranizo-se-trabajo-en-el-valle-de-uco-y-en-el-noreste","status":"publish","type":"post","link":"https:\/\/www.mendoza.gov.ar\/prensa\/lucha-antigranizo-se-trabajo-en-el-valle-de-uco-y-en-el-noreste\/","title":{"rendered":"La Lucha Antigranizo trabaj\u00f3 en el Valle de Uco y en el Noreste"},"content":{"rendered":"<!DOCTYPE html PUBLIC \"-\/\/W3C\/\/DTD HTML 4.0 Transitional\/\/EN\" \"http:\/\/www.w3.org\/TR\/REC-html40\/loose.dtd\">\n<html><body><div id=\"m_-805709265244907114yui_3_16_0_ym19_1_1484050545831_4112\">El Sistema Integral de Lucha Antigranizo trabaj&oacute; con aviones y generadores de superficie este lunes 9. En el Valle de Uco, la red de generadores funcion&oacute; tres horas, mientras que las naves hicieron tareas de siembra entre las 21 y la 1 sobre el Noreste de la provincia.<\/div>\n<div id=\"m_-805709265244907114yui_3_16_0_ym19_1_1484050545831_4118\"><span lang=\"ES-AR\">&nbsp;<\/span><\/div>\n<div id=\"m_-805709265244907114yui_3_16_0_ym19_1_1484050545831_4121\"><span id=\"m_-805709265244907114yui_3_16_0_ym19_1_1484050545831_4122\" lang=\"ES-AR\">Las observaciones de radar sobre las zonas afectadas se&ntilde;alan lluvia moderada en las &aacute;reas cultivadas y granizo en el secano. M&aacute;s precisamente&nbsp;en el Valle de Uco, se registraron lluvias en el oeste de San Carlos (Chilecito y La Consulta), en el este de Tunuy&aacute;n (Colonia Las Rosas, El Totoral y Las Pintadas) y Tupungato (San Jos&eacute;). Tambi&eacute;n se detect&oacute; granizo en zonas de campo, en el sector oeste de Pareditas.<\/span><\/div>\n<div id=\"m_-805709265244907114yui_3_16_0_ym19_1_1484050545831_4121\"><span lang=\"ES-AR\">&nbsp;<\/span><\/div>\n<div id=\"m_-805709265244907114yui_3_16_0_ym19_1_1484050545831_4124\"><span id=\"m_-805709265244907114yui_3_16_0_ym19_1_1484050545831_4125\" lang=\"ES-AR\">En tanto, en la zona Noreste, se observ&oacute; lluvia d&eacute;bil a moderada en el este de Las Heras (El Algarrobal), Guaymall&eacute;n (Colonia Segovia, Puente de Hierro, El Sauce) y Lavalle (Tres de Mayo), tambi&eacute;n en el este de Rivadavia (La Reducci&oacute;n y Medrano). Adem&aacute;s, se registr&oacute; algo de granizo en El&nbsp;Challao.<\/span><\/div>\n<div id=\"m_-805709265244907114yui_3_16_0_ym19_1_1484050545831_4124\"><span lang=\"ES-AR\">&nbsp;<\/span><\/div>\n<div><span id=\"m_-805709265244907114yui_3_16_0_ym19_1_1484050545831_4128\" lang=\"ES-AR\">Para este martes, el pron&oacute;stico de la Direcci&oacute;n de Agricultura y Contingencias Clim&aacute;ticas<\/span><span id=\"m_-805709265244907114yui_3_16_0_ym19_1_1484050545831_4129\" lang=\"ES-AR\"> <\/span>indica condiciones estables durante la tarde y descenso de la temperatura. La temperatura m&aacute;xima ser&aacute; de 32&deg;C.<\/div>\n<\/body><\/html>\n","protected":false},"excerpt":{"rendered":"El sistema de mitigaci\u00f3n actu\u00f3 sobre varios focos de tormenta que amenazaron las zonas cultivadas en las \u00faltimas horas de ayer.","protected":false},"author":2,"featured_media":77625,"comment_status":"open","ping_status":"open","sticky":false,"template":"","format":"standard","meta":[],"categories":[1],"tags":[],"_links":{"self":[{"href":"https:\/\/www.mendoza.gov.ar\/prensa\/wp-json\/wp\/v2\/posts\/77622"}],"collection":[{"href":"https:\/\/www.mendoza.gov.ar\/prensa\/wp-json\/wp\/v2\/posts"}],"about":[{"href":"https:\/\/www.mendoza.gov.ar\/prensa\/wp-json\/wp\/v2\/types\/post"}],"author":[{"embeddable":true,"href":"https:\/\/www.mendoza.gov.ar\/prensa\/wp-json\/wp\/v2\/users\/2"}],"replies":[{"embeddable":true,"href":"https:\/\/www.mendoza.gov.ar\/prensa\/wp-json\/wp\/v2\/comments?post=77622"}],"version-history":[{"count":0,"href":"https:\/\/www.mendoza.gov.ar\/prensa\/wp-json\/wp\/v2\/posts\/77622\/revisions"}],"wp:featuredmedia":[{"embeddable":true,"href":"https:\/\/www.mendoza.gov.ar\/prensa\/wp-json\/wp\/v2\/media\/77625"}],"wp:attachment":[{"href":"https:\/\/www.mendoza.gov.ar\/prensa\/wp-json\/wp\/v2\/media?parent=77622"}],"wp:term":[{"taxonomy":"category","embeddable":true,"href":"https:\/\/www.mendoza.gov.ar\/prensa\/wp-json\/wp\/v2\/categories?post=77622"},{"taxonomy":"post_tag","embeddable":true,"href":"https:\/\/www.mendoza.gov.ar\/prensa\/wp-json\/wp\/v2\/tags?post=77622"}],"curies":[{"name":"wp","href":"https:\/\/api.w.org\/{rel}","templated":true}]}}