{"id":77681,"date":"2017-01-11T08:04:04","date_gmt":"2017-01-11T11:04:04","guid":{"rendered":"http:\/\/prensa.mendoza.gov.ar\/?p=77681"},"modified":"2017-01-11T08:04:04","modified_gmt":"2017-01-11T11:04:04","slug":"se-amplio-el-calendario-nacional-de-vacunacion-2017","status":"publish","type":"post","link":"https:\/\/www.mendoza.gov.ar\/prensa\/se-amplio-el-calendario-nacional-de-vacunacion-2017\/","title":{"rendered":"Se ampli\u00f3 el calendario nacional de vacunaci\u00f3n 2017"},"content":{"rendered":"<!DOCTYPE html PUBLIC \"-\/\/W3C\/\/DTD HTML 4.0 Transitional\/\/EN\" \"http:\/\/www.w3.org\/TR\/REC-html40\/loose.dtd\">\n<html><body><div id=\"m_-4701139447528144165yui_3_16_0_ym19_1_1484073158703_9025\">Al calendario de vacunaci&oacute;n extenso y completo de la Rep&uacute;blica Argentina, compuesto de 18 vacunas, este a&ntilde;o se ha sumado la vacuna contra el meningococo y se extendi&oacute; la aplicaci&oacute;n de la que previene el virus del papiloma humano a los varones de 11 a&ntilde;os.<\/div>\n<div><\/div>\n<div>Por un lado, la vacuna antimeningoc&oacute;cica conjugada sirve para prevenir la enfermedad del meningococo, una grave infecci&oacute;n bacteriana que puede desembocar en una meningitis. Aunque no tiene un alto grado de incidencia en nuestro pa&iacute;s, es importante prevenirla por las consecuencias que trae.<\/div>\n<div><\/div>\n<div>Se va a empezar a colocar esta vacuna en beb&eacute;s nacidos a partir de octubre 2016 y se va a administrar en 3 dosis a los 3, 5 y 15 meses. Como estrategia, se va a aplicar tambi&eacute;n una &uacute;nica dosis de esta vacuna a los ni&ntilde;os y ni&ntilde;as de 11 a&ntilde;os nacidos desde enero de 2006.<\/div>\n<div><\/div>\n<div><span id=\"m_-4701139447528144165yui_3_16_0_ym19_1_1484073158703_9041\" style=\"font-family: Arial, sans-serif\">Por otro lado, se ampl&iacute;a la vacunaci&oacute;n contra el virus del papiloma humano a varones. La misma que antes se colocaba s&ograve;lo en ni&ntilde;as de 11 a&ntilde;os, este a&ntilde;o se les va a administrar tambi&eacute;n a los ni&ntilde;os de la misma edad, nacidos a partir de 2006. <\/span><span id=\"m_-4701139447528144165yui_3_16_0_ym19_1_1484073158703_9042\" style=\"font-family: Arial, sans-serif\">El esquema consiste en dos dosis separadas por un intervalo m&iacute;nimo de 6 meses.<\/span><\/div>\n<div align=\"LEFT\"><\/div>\n<div align=\"LEFT\"><span id=\"m_-4701139447528144165yui_3_16_0_ym19_1_1484073158703_9043\" style=\"font-family: Arial, sans-serif\">Esta vacuna sirve para prevenir el c&aacute;ncer en varones, disminuir el contagio a las mujeres, ya que pueden producir c&aacute;ncer de cuello uterino, y por otro lado, tambi&eacute;n sirve para evitar las verrugas y lesiones de bajo grado genitales, anales y orales.<\/span><\/div>\n<div id=\"m_-4701139447528144165yui_3_16_0_ym19_1_1484073158703_9044\" align=\"LEFT\"><\/div>\n<div id=\"m_-4701139447528144165yui_3_16_0_ym19_1_1484073158703_9046\" dir=\"ltr\" align=\"LEFT\"><span id=\"m_-4701139447528144165yui_3_16_0_ym19_1_1484073158703_9047\" style=\"font-family: Arial, sans-serif\">Los afiliados de la Obra Social de Empleados P&uacute;blicos, (OSEP) deben concurrir al vacunatorio del hospital pedi&agrave;trico Alexander Fleming, en Col&oacute;n 485 de ciudad, de lunes a viernes, de 8 a 15.30, llevando carnet de la obra&nbsp;social y DNI del ni&ntilde;o.<\/span><\/div>\n<\/body><\/html>\n","protected":false},"excerpt":{"rendered":"Se ha sumado la vacuna contra el meningococo y se extendi\u00f3 la aplicaci\u00f3n de la que previene el virus del papiloma humano a los varones de 11 a\u00f1os.","protected":false},"author":2,"featured_media":77682,"comment_status":"open","ping_status":"open","sticky":false,"template":"","format":"standard","meta":[],"categories":[30],"tags":[],"_links":{"self":[{"href":"https:\/\/www.mendoza.gov.ar\/prensa\/wp-json\/wp\/v2\/posts\/77681"}],"collection":[{"href":"https:\/\/www.mendoza.gov.ar\/prensa\/wp-json\/wp\/v2\/posts"}],"about":[{"href":"https:\/\/www.mendoza.gov.ar\/prensa\/wp-json\/wp\/v2\/types\/post"}],"author":[{"embeddable":true,"href":"https:\/\/www.mendoza.gov.ar\/prensa\/wp-json\/wp\/v2\/users\/2"}],"replies":[{"embeddable":true,"href":"https:\/\/www.mendoza.gov.ar\/prensa\/wp-json\/wp\/v2\/comments?post=77681"}],"version-history":[{"count":0,"href":"https:\/\/www.mendoza.gov.ar\/prensa\/wp-json\/wp\/v2\/posts\/77681\/revisions"}],"wp:featuredmedia":[{"embeddable":true,"href":"https:\/\/www.mendoza.gov.ar\/prensa\/wp-json\/wp\/v2\/media\/77682"}],"wp:attachment":[{"href":"https:\/\/www.mendoza.gov.ar\/prensa\/wp-json\/wp\/v2\/media?parent=77681"}],"wp:term":[{"taxonomy":"category","embeddable":true,"href":"https:\/\/www.mendoza.gov.ar\/prensa\/wp-json\/wp\/v2\/categories?post=77681"},{"taxonomy":"post_tag","embeddable":true,"href":"https:\/\/www.mendoza.gov.ar\/prensa\/wp-json\/wp\/v2\/tags?post=77681"}],"curies":[{"name":"wp","href":"https:\/\/api.w.org\/{rel}","templated":true}]}}