{"id":77708,"date":"2017-01-11T14:59:13","date_gmt":"2017-01-11T17:59:13","guid":{"rendered":"http:\/\/prensa.mendoza.gov.ar\/?p=77708"},"modified":"2017-01-11T14:59:13","modified_gmt":"2017-01-11T17:59:13","slug":"el-92-de-los-ex-empleados-de-la-empresa-eptm-tienen-asegurada-la-continuidad-laboral","status":"publish","type":"post","link":"https:\/\/www.mendoza.gov.ar\/prensa\/el-92-de-los-ex-empleados-de-la-empresa-eptm-tienen-asegurada-la-continuidad-laboral\/","title":{"rendered":"El 92% de los ex empleados de la EPTM tienen asegurada la continuidad laboral"},"content":{"rendered":"<!DOCTYPE html PUBLIC \"-\/\/W3C\/\/DTD HTML 4.0 Transitional\/\/EN\" \"http:\/\/www.w3.org\/TR\/REC-html40\/loose.dtd\">\n<html><body><p>Luego de la aprobaci&oacute;n de la Ley N&deg; 8944 mediante la cual se crea la Sociedad de Transporte de Mendoza (STM), el Estado Provincial a trav&eacute;s del Ministerio de Gobierno, Trabajo y Justicia y otras &aacute;reas de la administraci&oacute;n p&uacute;blica comenz&oacute; un relevamiento destinado a reubicar a los ex empleados de la empresa EPTM que desearan continuar en el Estado.<\/p>\n<p>En una conferencia brindada por el subsecretario de&nbsp;&nbsp;Gesti&oacute;n P&uacute;blica y Modernizaci&oacute;n del Estado, Ulpiano Su&aacute;rez y la directora General de Recursos Humanos, &Eacute;rica Rojas informaron sobre el proceso desarrollado por la gesti&oacute;n hasta el momento.<\/p>\n<p>Su&aacute;rez anunci&oacute; que: &ldquo;De un total de 483 trabajadores, el 92% ya tiene asegurada la continuidad laboral, lo cual es muy positivo. Son 192 los trabajadores que se han incorporado a la STM y que ya est&aacute;n cumpliendo funciones ah&iacute;. A los 291 empleados restantes les hemos ofrecido puestos de trabajo. Hasta el d&iacute;a de ayer, a tan solo 14 d&iacute;as, de haberse aprobado en la Legislatura Provincial la disoluci&oacute;n de la EPTM ya hay 251 trabajadores que han firmado ante la Subsecretar&iacute;a de Trabajo los acuerdos de reubicaci&oacute;n en distintas &aacute;reas de la administraci&oacute;n p&uacute;blica provincial&rdquo;.<\/p>\n<p>Adem&aacute;s el subsecretario de Modernizaci&oacute;n destac&oacute; que: &ldquo;s&oacute;lo 21 trabajadores han presentado su inter&eacute;s por acogerse al retiro anticipado voluntario y existen otros 19 que a&uacute;n no han firmado acuerdos de reubicaci&oacute;n. Es decir, un porcentaje menor. No obstante vamos a ofrecerles puestos de trabajo a la brevedad a esos 40 trabajadores. Es intenci&oacute;n del gobierno de la provincia que presten tareas porque hay &aacute;reas de la administraci&oacute;n p&uacute;blica que requieren de sus servicios&rdquo;.<\/p>\n<p>Asimismo, la directora &Eacute;rica Rojas explic&oacute;&nbsp;el proceso que realiz&oacute; la direcci&oacute;n General de Recursos Humanos: &ldquo;se hizo un relevamiento en EPTM sobre el personal, las funciones que estos cumpl&iacute;an, los distintos puestos de trabajo existentes y la capacitaci&oacute;n del personal, y a partir de esto elaboramos un diagn&oacute;stico situacional. Adem&aacute;s en las reparticiones se hizo un relevamiento de necesidades seg&uacute;n los puestos de trabajo definidos en el diagn&oacute;stico&rdquo;, afirm&oacute;.<\/p>\n<p>&ldquo;Estos datos son muy positivos y est&aacute;n vinculados a metas prioritarias del Gobierno Provincial: el reordenamiento del Estado, la mejora de los servicios p&uacute;blicos y el cuidado de los trabajadores, en este caso concreto de los ex empleados de la EPTM, ya que se ha cumplido con el compromiso de garantizarles la continuidad laboral&rdquo;, concluy&oacute; el subsecretario Ulpiano Su&aacute;rez.<\/p>\n<\/body><\/html>\n","protected":false},"excerpt":{"rendered":"Son 251 los trabajadores reubicados en diferentes \u00e1reas del Gobierno provincial garantiz\u00e1ndoles la estabilidad, reconociendo su antig\u00fcedad, respetando sus condiciones de trabajo y manteniendo el salario bruto que percib\u00edan. ","protected":false},"author":2,"featured_media":77709,"comment_status":"open","ping_status":"open","sticky":false,"template":"","format":"standard","meta":[],"categories":[20],"tags":[],"_links":{"self":[{"href":"https:\/\/www.mendoza.gov.ar\/prensa\/wp-json\/wp\/v2\/posts\/77708"}],"collection":[{"href":"https:\/\/www.mendoza.gov.ar\/prensa\/wp-json\/wp\/v2\/posts"}],"about":[{"href":"https:\/\/www.mendoza.gov.ar\/prensa\/wp-json\/wp\/v2\/types\/post"}],"author":[{"embeddable":true,"href":"https:\/\/www.mendoza.gov.ar\/prensa\/wp-json\/wp\/v2\/users\/2"}],"replies":[{"embeddable":true,"href":"https:\/\/www.mendoza.gov.ar\/prensa\/wp-json\/wp\/v2\/comments?post=77708"}],"version-history":[{"count":0,"href":"https:\/\/www.mendoza.gov.ar\/prensa\/wp-json\/wp\/v2\/posts\/77708\/revisions"}],"wp:featuredmedia":[{"embeddable":true,"href":"https:\/\/www.mendoza.gov.ar\/prensa\/wp-json\/wp\/v2\/media\/77709"}],"wp:attachment":[{"href":"https:\/\/www.mendoza.gov.ar\/prensa\/wp-json\/wp\/v2\/media?parent=77708"}],"wp:term":[{"taxonomy":"category","embeddable":true,"href":"https:\/\/www.mendoza.gov.ar\/prensa\/wp-json\/wp\/v2\/categories?post=77708"},{"taxonomy":"post_tag","embeddable":true,"href":"https:\/\/www.mendoza.gov.ar\/prensa\/wp-json\/wp\/v2\/tags?post=77708"}],"curies":[{"name":"wp","href":"https:\/\/api.w.org\/{rel}","templated":true}]}}