{"id":77736,"date":"2017-01-12T09:45:20","date_gmt":"2017-01-12T12:45:20","guid":{"rendered":"http:\/\/prensa.mendoza.gov.ar\/?p=77736"},"modified":"2017-01-12T09:45:20","modified_gmt":"2017-01-12T12:45:20","slug":"montero-se-reunio-con-kerchner-por-la-nueva-ley-de-coparticipacion-federal","status":"publish","type":"post","link":"https:\/\/www.mendoza.gov.ar\/prensa\/montero-se-reunio-con-kerchner-por-la-nueva-ley-de-coparticipacion-federal\/","title":{"rendered":"Montero se reuni\u00f3 con Kerchner por la nueva Ley de Coparticipaci\u00f3n Federal"},"content":{"rendered":"<!DOCTYPE html PUBLIC \"-\/\/W3C\/\/DTD HTML 4.0 Transitional\/\/EN\" \"http:\/\/www.w3.org\/TR\/REC-html40\/loose.dtd\">\n<html><body><p>La vicegobernadora Laura Montero recibi&oacute; en la Legislatura provincial al ministro de Hacienda y Finanzas, Mart&iacute;n Kerchner, quien junto con su equipo participaron en una reuni&oacute;n que tuvo como punto principal el tratamiento de la nueva Ley de Coparticipaci&oacute;n Federal y la postura que tendr&aacute; Mendoza con relaci&oacute;n a este tema.<\/p>\n<p>Durante la actividad, coordinaron la elaboraci&oacute;n de distintos informes t&eacute;cnicos, teniendo en cuenta la necesidad de que la distribuci&oacute;n de los recursos entre el Estado nacional, las provincias y la Ciudad Aut&oacute;noma de Buenos Aires (CABA)&nbsp;respete los lineamientos establecidos por la Constituci&oacute;n Nacional: ser equitativa y ser solidaria, adem&aacute;s, que promueva un desarrollo arm&oacute;nico y equilibrado.<\/p>\n<p>En el &aacute;mbito de la recaudaci&oacute;n tributaria, priorizaron analizar simplificaci&oacute;n del <em>laberinto<\/em> fiscal, eliminaci&oacute;n o disminuci&oacute;n gradual de impuestos distorsivos, propuestas de modificaci&oacute;n del sistema tributario y que los recursos se vuelquen todos a la masa coparticipable. Respecto&nbsp;de la&nbsp; distribuci&oacute;n, Montero sugiri&oacute; &ldquo;hacer una serie de simulaciones&nbsp; buscando la descentralizaci&oacute;n de recursos nacionales hacia las provincias con criterios objetivos fijados desde las necesidades del sostenimiento de los sistemas de salud, educaci&oacute;n y seguridad, como tambi&eacute;n indicadores de desarrollo econ&oacute;micos, sociales y humanos, y criterios de eficiencia en el gasto&rdquo;.<\/p>\n<p>El Ministerio del Interior va a comenzar a citar a los equipos de trabajo de las provincias para conformar esta nueva norma de distribuci&oacute;n de impuestos a las provincias. Con relaci&oacute;n a esto,&nbsp; Mart&iacute;n Kerchner subray&oacute;: &ldquo;El Gobierno nacional realizar&aacute; la primera convocatoria para empezar el trabajo en febrero. Esto consta de distintas etapas. Tenemos que definir equipos y el perfil que deben tener para trabajar junto a los de Naci&oacute;n. Adem&aacute;s, debemos realizar un proceso de sensibilizaci&oacute;n y&nbsp; diagn&oacute;stico. La idea es armar una mesa de mendocinos con la suficiente masa cr&iacute;tica para encarar este procedimiento&rdquo;.<\/p>\n<\/body><\/html>\n","protected":false},"excerpt":{"rendered":"Coordinaron elaborar distintos informes t\u00e9cnicos, dada la necesidad de que la distribuci\u00f3n de los recursos entre el Estado nacional, las provincias y la CABA respete los lineamientos de la Constituci\u00f3n Nacional: ser equitativa y ser solidaria.","protected":false},"author":2,"featured_media":77737,"comment_status":"open","ping_status":"open","sticky":false,"template":"","format":"standard","meta":[],"categories":[1],"tags":[],"_links":{"self":[{"href":"https:\/\/www.mendoza.gov.ar\/prensa\/wp-json\/wp\/v2\/posts\/77736"}],"collection":[{"href":"https:\/\/www.mendoza.gov.ar\/prensa\/wp-json\/wp\/v2\/posts"}],"about":[{"href":"https:\/\/www.mendoza.gov.ar\/prensa\/wp-json\/wp\/v2\/types\/post"}],"author":[{"embeddable":true,"href":"https:\/\/www.mendoza.gov.ar\/prensa\/wp-json\/wp\/v2\/users\/2"}],"replies":[{"embeddable":true,"href":"https:\/\/www.mendoza.gov.ar\/prensa\/wp-json\/wp\/v2\/comments?post=77736"}],"version-history":[{"count":0,"href":"https:\/\/www.mendoza.gov.ar\/prensa\/wp-json\/wp\/v2\/posts\/77736\/revisions"}],"wp:featuredmedia":[{"embeddable":true,"href":"https:\/\/www.mendoza.gov.ar\/prensa\/wp-json\/wp\/v2\/media\/77737"}],"wp:attachment":[{"href":"https:\/\/www.mendoza.gov.ar\/prensa\/wp-json\/wp\/v2\/media?parent=77736"}],"wp:term":[{"taxonomy":"category","embeddable":true,"href":"https:\/\/www.mendoza.gov.ar\/prensa\/wp-json\/wp\/v2\/categories?post=77736"},{"taxonomy":"post_tag","embeddable":true,"href":"https:\/\/www.mendoza.gov.ar\/prensa\/wp-json\/wp\/v2\/tags?post=77736"}],"curies":[{"name":"wp","href":"https:\/\/api.w.org\/{rel}","templated":true}]}}