{"id":77752,"date":"2017-01-12T10:38:30","date_gmt":"2017-01-12T13:38:30","guid":{"rendered":"http:\/\/prensa.mendoza.gov.ar\/?p=77752"},"modified":"2017-01-12T10:38:30","modified_gmt":"2017-01-12T13:38:30","slug":"transporte-modifica-la-traza-del-91-b-san-martin-hospital-notti","status":"publish","type":"post","link":"https:\/\/www.mendoza.gov.ar\/prensa\/transporte-modifica-la-traza-del-91-b-san-martin-hospital-notti\/","title":{"rendered":"Transporte modifica la traza del 91 \u201cB\u00b0 San Mart\u00edn &#8211; Hospital Notti\u201d"},"content":{"rendered":"<!DOCTYPE html PUBLIC \"-\/\/W3C\/\/DTD HTML 4.0 Transitional\/\/EN\" \"http:\/\/www.w3.org\/TR\/REC-html40\/loose.dtd\">\n<html><body><p>Para&nbsp;brindar servicio a los vecinos del complejo Procrear y barrios aleda&ntilde;os a las calles Tiburcio Benegas y Suipacha de Ciudad, a partir del pr&oacute;ximo lunes, el servicio que presta la L&iacute;nea 91 por &ldquo;B&ordm; San Mart&iacute;n &ndash; Hospital Notti&rdquo; circular&aacute; por Tiburcio Benegas.<\/p>\n<p>Actualmente, el servicio en la zona circula las calles Newbery, Granaderos, Juan B. Justo, a su recorrido. A partir del lunes circular&aacute; por Newbery, Tiburcio Benegas, Juan B. Justo y continuar&aacute; el trayecto conocido por los usuarios.<\/p>\n<p>Es importante tener en cuenta que por la calle Granaderos se mantendr&aacute;n los siguientes servicios regulares:<\/p>\n<p><b>Grupo 7:<\/b><span style=\"font-weight: 400\">&nbsp;L&iacute;nea 91 &ldquo;B&ordm; San Mart&iacute;n&rdquo; y&nbsp;<\/span>L&iacute;nea 93\/95 &ldquo;B&ordm; Cementista &ndash; B&ordm; Viajantes&rdquo;.<\/p>\n<p><b>Grupo 8:&nbsp;<\/b><span style=\"font-weight: 400\">L&iacute;nea 102 &ldquo;B&ordm; San Cayetano &ndash; 6&ordf; Secci&oacute;n&rdquo;.<\/span><\/p>\n<p>&nbsp;<\/p>\n<p>&nbsp;<\/p>\n<\/body><\/html>\n","protected":false},"excerpt":{"rendered":"Los cambios se realizar\u00e1n en las cercan\u00edas del nuevo complejo Procrear, en la Sexta Secci\u00f3n de Ciudad.","protected":false},"author":2,"featured_media":0,"comment_status":"open","ping_status":"open","sticky":false,"template":"","format":"standard","meta":[],"categories":[34],"tags":[],"_links":{"self":[{"href":"https:\/\/www.mendoza.gov.ar\/prensa\/wp-json\/wp\/v2\/posts\/77752"}],"collection":[{"href":"https:\/\/www.mendoza.gov.ar\/prensa\/wp-json\/wp\/v2\/posts"}],"about":[{"href":"https:\/\/www.mendoza.gov.ar\/prensa\/wp-json\/wp\/v2\/types\/post"}],"author":[{"embeddable":true,"href":"https:\/\/www.mendoza.gov.ar\/prensa\/wp-json\/wp\/v2\/users\/2"}],"replies":[{"embeddable":true,"href":"https:\/\/www.mendoza.gov.ar\/prensa\/wp-json\/wp\/v2\/comments?post=77752"}],"version-history":[{"count":0,"href":"https:\/\/www.mendoza.gov.ar\/prensa\/wp-json\/wp\/v2\/posts\/77752\/revisions"}],"wp:attachment":[{"href":"https:\/\/www.mendoza.gov.ar\/prensa\/wp-json\/wp\/v2\/media?parent=77752"}],"wp:term":[{"taxonomy":"category","embeddable":true,"href":"https:\/\/www.mendoza.gov.ar\/prensa\/wp-json\/wp\/v2\/categories?post=77752"},{"taxonomy":"post_tag","embeddable":true,"href":"https:\/\/www.mendoza.gov.ar\/prensa\/wp-json\/wp\/v2\/tags?post=77752"}],"curies":[{"name":"wp","href":"https:\/\/api.w.org\/{rel}","templated":true}]}}