{"id":77842,"date":"2017-01-13T12:10:18","date_gmt":"2017-01-13T15:10:18","guid":{"rendered":"http:\/\/prensa.mendoza.gov.ar\/?p=77842"},"modified":"2017-01-13T12:10:18","modified_gmt":"2017-01-13T15:10:18","slug":"desvios-de-transporte-en-puentes-del-cacique-guaymallen","status":"publish","type":"post","link":"https:\/\/www.mendoza.gov.ar\/prensa\/desvios-de-transporte-en-puentes-del-cacique-guaymallen\/","title":{"rendered":"Desv\u00edos de transporte en puentes del Cacique Guaymall\u00e9n\u00a0\u00a0\u00a0\u00a0\u00a0\u00a0"},"content":{"rendered":"<!DOCTYPE html PUBLIC \"-\/\/W3C\/\/DTD HTML 4.0 Transitional\/\/EN\" \"http:\/\/www.w3.org\/TR\/REC-html40\/loose.dtd\">\n<html><body><p>Por trabajos de construcci&oacute;n y reparaci&oacute;n del puente del canal Cacique Guaymall&eacute;n en la calle Alem, habr&aacute; desv&iacute;os del transporte regular. Los trabajos se realizar&aacute;n en dos etapas, de 60 d&iacute;as cada una.<\/p>\n<p>El comienzo de obras ser&aacute; el pr&oacute;ximo lunes, en el puente norte, y se extender&aacute; hasta el 20 de febrero. Los servicios afectados se enumeran a continuaci&oacute;n:<\/p>\n<ul>\n<li>Los coches de Trole Villanueva &ndash;con colectivos&ndash; Grupo 2, Grupo 10 Servicio Diferencial; Grupo 5 y Grupo 6 que circulan por la zona tomar&aacute;n por Costanera hacia el norte; cruce a Costanera por calle Catamarca hacia el sur; Alem y retomar&aacute;n el&nbsp;recorrido normal.<\/li>\n<li>Las unidades de los Grupos 1; 7; 8 y 9 desviar&aacute;n por Costanera hacia el norte; cruce calle Catamarca y volver&aacute;n al recorrido habitual.<\/li>\n<li>El Grupo 850 modificar&aacute; su traza desde la salida de Terminal luego, Jos&eacute; Vicente Zapata y retorna a su recorrido.<\/li>\n<li>Grupo 8 y Grupo 5 desde el centro hacia Guaymall&eacute;n tomar&aacute;n por Alem; Costanera hacia el sur; Rotonda de J. V. Zapata; Costanera hacia el norte; Reconquista y vuelve a su recorrido.<\/li>\n<li>Es importante que los usuarios del servicio de trole &ldquo;Universidad&rdquo; tengan en cuenta que, durante los trabajos, las unidades no ingresar&aacute;n al departamento de Guaymall&eacute;n debido a que no hay &nbsp;disponible tendido el&eacute;ctrico para ejecutar desv&iacute;os hacia ese departamento. Por lo que su recorrido, hasta finalizaci&oacute;n de obras, ser&aacute;: Av. Espa&ntilde;a y Montevideo; Godoy Cruz; Per&uacute;; Las Heras; Juan B. Justo; Lencinas; predio UNCuyo; Lencinas; Juan B. Justo; Las Heras; 9 de Julio hasta calle Col&oacute;n y retorna al recorrido normal.<\/li>\n<\/ul>\n<p>Una vez finalizada la construcci&oacute;n del puente norte, que se estima durar&aacute; 60 d&iacute;as, comenzar&aacute;n los trabajos en el puente sur de calle Reconquista.<\/p>\n<\/body><\/html>\n","protected":false},"excerpt":{"rendered":"A partir del lunes habr\u00e1 desv\u00edos de transporte en el puente de calle Reconquista de Guaymall\u00e9n y Alem de Ciudad.","protected":false},"author":2,"featured_media":0,"comment_status":"open","ping_status":"open","sticky":false,"template":"","format":"standard","meta":[],"categories":[34],"tags":[],"_links":{"self":[{"href":"https:\/\/www.mendoza.gov.ar\/prensa\/wp-json\/wp\/v2\/posts\/77842"}],"collection":[{"href":"https:\/\/www.mendoza.gov.ar\/prensa\/wp-json\/wp\/v2\/posts"}],"about":[{"href":"https:\/\/www.mendoza.gov.ar\/prensa\/wp-json\/wp\/v2\/types\/post"}],"author":[{"embeddable":true,"href":"https:\/\/www.mendoza.gov.ar\/prensa\/wp-json\/wp\/v2\/users\/2"}],"replies":[{"embeddable":true,"href":"https:\/\/www.mendoza.gov.ar\/prensa\/wp-json\/wp\/v2\/comments?post=77842"}],"version-history":[{"count":0,"href":"https:\/\/www.mendoza.gov.ar\/prensa\/wp-json\/wp\/v2\/posts\/77842\/revisions"}],"wp:attachment":[{"href":"https:\/\/www.mendoza.gov.ar\/prensa\/wp-json\/wp\/v2\/media?parent=77842"}],"wp:term":[{"taxonomy":"category","embeddable":true,"href":"https:\/\/www.mendoza.gov.ar\/prensa\/wp-json\/wp\/v2\/categories?post=77842"},{"taxonomy":"post_tag","embeddable":true,"href":"https:\/\/www.mendoza.gov.ar\/prensa\/wp-json\/wp\/v2\/tags?post=77842"}],"curies":[{"name":"wp","href":"https:\/\/api.w.org\/{rel}","templated":true}]}}