{"id":77855,"date":"2017-01-13T11:52:43","date_gmt":"2017-01-13T14:52:43","guid":{"rendered":"http:\/\/prensa.mendoza.gov.ar\/?p=77855"},"modified":"2017-01-13T11:52:43","modified_gmt":"2017-01-13T14:52:43","slug":"mendoza-presento-a-nacion-ambicioso-proyecto-de-gasoducto-y-central-termica-para-malargue","status":"publish","type":"post","link":"https:\/\/www.mendoza.gov.ar\/prensa\/mendoza-presento-a-nacion-ambicioso-proyecto-de-gasoducto-y-central-termica-para-malargue\/","title":{"rendered":"Mendoza present\u00f3 a Naci\u00f3n ambicioso proyecto de gasoducto y central t\u00e9rmica para Malarg\u00fce"},"content":{"rendered":"<!DOCTYPE html PUBLIC \"-\/\/W3C\/\/DTD HTML 4.0 Transitional\/\/EN\" \"http:\/\/www.w3.org\/TR\/REC-html40\/loose.dtd\">\n<html><body><div>El ministro de Econom&iacute;a, Infraestructura y Energ&iacute;a, Enrique Vaqui&eacute;, visit&oacute; esta ma&ntilde;ana la ciudad de Malarg&uuml;e y realiz&oacute; un anuncio que tendr&aacute; fuerte&nbsp;impacto para los habitantes de ese departamento y de San Rafael: la futura construcci&oacute;n de una central t&eacute;rmica y un gasoducto que potenciar&aacute; la industria malarg&uuml;ina y proveer&aacute; de energ&iacute;a y gas natural a la poblaci&oacute;n durante todo el a&ntilde;o.<\/div>\n<div><\/div>\n<div>El proyecto consiste en la instalaci&oacute;n de una&nbsp;planta&nbsp;para generaci&oacute;n de energ&iacute;a el&eacute;ctrica con capacidad de 32 MW escalables, la construcci&oacute;n de un nuevo gasoducto de 169 kil&oacute;metros desde las &aacute;reas Los Cavaos y Caj&oacute;n de los Caballos y el desarrollo de cinco yacimientos de gas en el Sur de Mendoza.<\/div>\n<div><\/div>\n<div>La obra propone producir&nbsp;energ&iacute;a el&eacute;ctrica mediante motogeneradores utilizando gas natural como combustible, que ser&aacute; transportado mediante la conexi&oacute;n del nuevo gasoducto. La energ&iacute;a el&eacute;ctrica generada en la nueva Central T&eacute;rmica ser&aacute; transportada con una l&iacute;nea de 132 kw de peque&ntilde;a extensi&oacute;n (de menos de 1 km) hasta la Estaci&oacute;n Transformadora de Malarg&uuml;e.<\/div>\n<div><\/div>\n<div>Entre los beneficios que traer&aacute;n estas obras se puede destacar el suministro de gas natural de red a toda la Ciudad de Malarg&uuml;e, que hoy se abastece solamente con camiones de GLP (gas licuado de petr&oacute;leo) desde Luj&aacute;n de Cuyo y Bah&iacute;a Blanca y que representa un costo extra en subsidios por combustibles&nbsp;y transporte para el Estado nacional.<\/div>\n<div><\/div>\n<div>El nuevo proyecto abastecer&aacute; de energ&iacute;a al Sistema de Interconectado Nacional (SADI) y generar&aacute; as&iacute; ahorros al sistema el&eacute;ctrico por la utilizaci&oacute;n de gas natural nuevo. Asimismo, impulsar&aacute; el desarrollo de emprendimientos productivos e instalaciones petroleras.<\/div>\n<div><\/div>\n<div><strong>Proyecto autosustentable<\/strong><\/div>\n<div><\/div>\n<div>&ldquo;Junto a YPF presentaremos ante autoridades del Ministerio de Energ&iacute;a de la Naci&oacute;n la propuesta de construcci&oacute;n de un gasoducto y una central t&eacute;rmica para Malarg&uuml;e. El proyecto tiene la particularidad de ser autosustentable, porque vender&aacute; energ&iacute;a el&eacute;ctrica para poder autogenerarse&rdquo;, explic&oacute; el ministro Enrique Vaqui&eacute;.<\/div>\n<div><\/div>\n<div>El funcionario detall&oacute; que a&uacute;n no tiene plazos precisos de inicio de obra, pero estima que en 6 u 8 meses la iniciativa podr&aacute; ser visada y aprobada por el Ministerio de Energ&iacute;a de la Naci&oacute;n. Adem&aacute;s, sostuvo: &ldquo;En momentos en los que el dinero no abunda, hay que usar el ingenio en pos del crecimiento de un departamento que ha dado mucho por la provincia y el pa&iacute;s&rdquo;.<\/div>\n<div><\/div>\n<div>Con respecto a los costos de la obra, la inversi&oacute;n ser&aacute; dividida en tres partes. Por un lado, YPF invertir&aacute; US$ 150 millones para el desarrollo del polo gas&iacute;fero. Por el otro, la Provincia de Mendoza destinar&aacute; US$ 70 millones para la construcci&oacute;n del gasoducto, que ser&aacute;n recuperados posteriormente mediante el ingreso por regal&iacute;as y costos de peaje. Finalmente, el sector privado deber&aacute; aportar 30 millones de d&oacute;lares para la obra de la central t&eacute;rmica. Al respecto, el ministro sostuvo: &ldquo;El proyecto se autofinancia con ingresos de regal&iacute;as nuevas que, en lugar de ir a la arcas provinciales, ir&aacute;n por un tiempo al pago de la obra, y despu&eacute;s se cobra con la venta de energ&iacute;a el costo que deber&iacute;a haber ingresado en concepto de regal&iacute;as&rdquo;.<\/div>\n<div><\/div>\n<div>La iniciativa permitir&aacute; que se instalen nuevas f&aacute;bricas en Malarg&uuml;e y de este modo se generen nuevos puestos de trabajo. Indirectamente, tambi&eacute;n beneficiar&aacute; al departamento de San Rafael, ya que al unirse al sistema integrado de energ&iacute;a, evitar&aacute; los cortes el&eacute;ctricos y dar&aacute; m&aacute;s estabilidad al sistema.<\/div>\n<\/body><\/html>\n","protected":false},"excerpt":{"rendered":"Lo anunci\u00f3 el ministro Enrique Vaqui\u00e9 en el departamento sure\u00f1o. La obra tendr\u00e1 una inversi\u00f3n de US$ 250 millones y permitir\u00e1 abastecer a los habitantes que hasta el momento utilizan GLP para consumo domiciliario.","protected":false},"author":2,"featured_media":77856,"comment_status":"open","ping_status":"open","sticky":false,"template":"","format":"standard","meta":[],"categories":[1],"tags":[],"_links":{"self":[{"href":"https:\/\/www.mendoza.gov.ar\/prensa\/wp-json\/wp\/v2\/posts\/77855"}],"collection":[{"href":"https:\/\/www.mendoza.gov.ar\/prensa\/wp-json\/wp\/v2\/posts"}],"about":[{"href":"https:\/\/www.mendoza.gov.ar\/prensa\/wp-json\/wp\/v2\/types\/post"}],"author":[{"embeddable":true,"href":"https:\/\/www.mendoza.gov.ar\/prensa\/wp-json\/wp\/v2\/users\/2"}],"replies":[{"embeddable":true,"href":"https:\/\/www.mendoza.gov.ar\/prensa\/wp-json\/wp\/v2\/comments?post=77855"}],"version-history":[{"count":0,"href":"https:\/\/www.mendoza.gov.ar\/prensa\/wp-json\/wp\/v2\/posts\/77855\/revisions"}],"wp:featuredmedia":[{"embeddable":true,"href":"https:\/\/www.mendoza.gov.ar\/prensa\/wp-json\/wp\/v2\/media\/77856"}],"wp:attachment":[{"href":"https:\/\/www.mendoza.gov.ar\/prensa\/wp-json\/wp\/v2\/media?parent=77855"}],"wp:term":[{"taxonomy":"category","embeddable":true,"href":"https:\/\/www.mendoza.gov.ar\/prensa\/wp-json\/wp\/v2\/categories?post=77855"},{"taxonomy":"post_tag","embeddable":true,"href":"https:\/\/www.mendoza.gov.ar\/prensa\/wp-json\/wp\/v2\/tags?post=77855"}],"curies":[{"name":"wp","href":"https:\/\/api.w.org\/{rel}","templated":true}]}}