{"id":77931,"date":"2017-01-13T19:49:17","date_gmt":"2017-01-13T22:49:17","guid":{"rendered":"http:\/\/prensa.mendoza.gov.ar\/?p=77931"},"modified":"2017-01-13T19:49:17","modified_gmt":"2017-01-13T22:49:17","slug":"elecciones-santa-rosa-el-gobierno-realizo-el-sorteo-de-los-espacios-publicitarios","status":"publish","type":"post","link":"https:\/\/www.mendoza.gov.ar\/prensa\/elecciones-santa-rosa-el-gobierno-realizo-el-sorteo-de-los-espacios-publicitarios\/","title":{"rendered":"Elecciones Santa Rosa: el Gobierno sorte\u00f3 los espacios publicitarios"},"content":{"rendered":"<!DOCTYPE html PUBLIC \"-\/\/W3C\/\/DTD HTML 4.0 Transitional\/\/EN\" \"http:\/\/www.w3.org\/TR\/REC-html40\/loose.dtd\">\n<html><body><p>Cumpliendo con lo dispuesto por las leyes 7005, 8619, 8787&nbsp;y 2551 y sus decretos reglamentarios, el Gobierno de Mendoza llev&oacute; adelante en la tarde del viernes 13 de enero, en el tercer piso de la Casa de Gobierno, el sorteo de los espacios publicitarios para la campa&ntilde;a pol&iacute;tica de Santa Rosa.<\/p>\n<p>En el sorteo, ante escribano p&uacute;blico, estuvieron presentes el jefe de Gabinete del Ministerio de Gobierno, Carlos Segura; el subdirector de Contabilidad de la Subsecretar&iacute;a de Comunicaci&oacute;n, Prensa y Protocolo, Mart&iacute;n Varela, y los representantes de las dos agrupaciones: por la Lista 2 &ndash; Partido Justicialista, Juan Jos&eacute; Rodr&iacute;guez, y por la Lista 501 &ndash; Alianza Santa Rosa Cambia, Ulpiano Su&aacute;rez.<\/p>\n<p>La grilla se compone por 16 m&oacute;dulos-spot de 20 segundos distribuidas en cuatro&nbsp;franjas horarias: de 7 a 10, de 10 a 14, de 14 a 19 y de 19 a 24. La campa&ntilde;a publicitaria comenzar&aacute; el mi&eacute;rcoles 18 de enero.<\/p>\n<\/body><\/html>\n","protected":false},"excerpt":{"rendered":"Los comicios ser\u00e1n el 12 de febrero.\u00a0Estuvieron presentes los apoderados de las dos agrupaciones pol\u00edticas: el Partido Justicialista y la Alianza Santa Rosa Cambia. El Gobierno difundir\u00e1 16 m\u00f3dulos-spots. La campa\u00f1a comienza el mi\u00e9rcoles 18 de enero.","protected":false},"author":2,"featured_media":77932,"comment_status":"open","ping_status":"open","sticky":false,"template":"","format":"standard","meta":[],"categories":[20],"tags":[],"_links":{"self":[{"href":"https:\/\/www.mendoza.gov.ar\/prensa\/wp-json\/wp\/v2\/posts\/77931"}],"collection":[{"href":"https:\/\/www.mendoza.gov.ar\/prensa\/wp-json\/wp\/v2\/posts"}],"about":[{"href":"https:\/\/www.mendoza.gov.ar\/prensa\/wp-json\/wp\/v2\/types\/post"}],"author":[{"embeddable":true,"href":"https:\/\/www.mendoza.gov.ar\/prensa\/wp-json\/wp\/v2\/users\/2"}],"replies":[{"embeddable":true,"href":"https:\/\/www.mendoza.gov.ar\/prensa\/wp-json\/wp\/v2\/comments?post=77931"}],"version-history":[{"count":0,"href":"https:\/\/www.mendoza.gov.ar\/prensa\/wp-json\/wp\/v2\/posts\/77931\/revisions"}],"wp:featuredmedia":[{"embeddable":true,"href":"https:\/\/www.mendoza.gov.ar\/prensa\/wp-json\/wp\/v2\/media\/77932"}],"wp:attachment":[{"href":"https:\/\/www.mendoza.gov.ar\/prensa\/wp-json\/wp\/v2\/media?parent=77931"}],"wp:term":[{"taxonomy":"category","embeddable":true,"href":"https:\/\/www.mendoza.gov.ar\/prensa\/wp-json\/wp\/v2\/categories?post=77931"},{"taxonomy":"post_tag","embeddable":true,"href":"https:\/\/www.mendoza.gov.ar\/prensa\/wp-json\/wp\/v2\/tags?post=77931"}],"curies":[{"name":"wp","href":"https:\/\/api.w.org\/{rel}","templated":true}]}}