{"id":77991,"date":"2017-01-16T12:11:44","date_gmt":"2017-01-16T15:11:44","guid":{"rendered":"http:\/\/prensa.mendoza.gov.ar\/?p=77991"},"modified":"2017-01-16T12:11:44","modified_gmt":"2017-01-16T15:11:44","slug":"continuan-los-desvios-de-transporte-en-avenida-san-martin-de-las-heras","status":"publish","type":"post","link":"https:\/\/www.mendoza.gov.ar\/prensa\/continuan-los-desvios-de-transporte-en-avenida-san-martin-de-las-heras\/","title":{"rendered":"Contin\u00faan los desv\u00edos de transporte en avenida San Mart\u00edn de Las Heras"},"content":{"rendered":"<!DOCTYPE html PUBLIC \"-\/\/W3C\/\/DTD HTML 4.0 Transitional\/\/EN\" \"http:\/\/www.w3.org\/TR\/REC-html40\/loose.dtd\">\n<html><body><p style=\"text-align: justify\">Por los trabajos de pavimentaci&oacute;n de la avenida San Mart&iacute;n realizados por la Municipalidad de Las Heras, por 60 d&iacute;as habr&aacute; desv&iacute;o de transporte p&uacute;blico en la zona. El corte de tr&aacute;nsito es en San Mart&iacute;n entre Ortiz y Patricias Mendocinas.<\/p>\n<p style=\"text-align: justify\">Como consecuencia, se modifica la traza de los siguientes servicios:<\/p>\n<ul style=\"text-align: justify\">\n<li>Grupo 4: l&iacute;neas 84-86-45.<\/li>\n<li>Grupo 6:&nbsp; l&iacute;neas 63-66-68.<\/li>\n<\/ul>\n<p style=\"text-align: justify\">Tomar&aacute;n por San Mart&iacute;n, Ortiz, 25 de Mayo, San Luis y retomar&aacute;n San Mart&iacute;n, para continuar el recorrido&nbsp;habitual.<\/p>\n<p style=\"text-align: justify\">\n<\/p><\/body><\/html>\n","protected":false},"excerpt":{"rendered":"Ser\u00e1 por 60 d\u00edas y afecta a los grupos 4 y 6.","protected":false},"author":2,"featured_media":77998,"comment_status":"open","ping_status":"open","sticky":false,"template":"","format":"standard","meta":[],"categories":[34],"tags":[],"_links":{"self":[{"href":"https:\/\/www.mendoza.gov.ar\/prensa\/wp-json\/wp\/v2\/posts\/77991"}],"collection":[{"href":"https:\/\/www.mendoza.gov.ar\/prensa\/wp-json\/wp\/v2\/posts"}],"about":[{"href":"https:\/\/www.mendoza.gov.ar\/prensa\/wp-json\/wp\/v2\/types\/post"}],"author":[{"embeddable":true,"href":"https:\/\/www.mendoza.gov.ar\/prensa\/wp-json\/wp\/v2\/users\/2"}],"replies":[{"embeddable":true,"href":"https:\/\/www.mendoza.gov.ar\/prensa\/wp-json\/wp\/v2\/comments?post=77991"}],"version-history":[{"count":0,"href":"https:\/\/www.mendoza.gov.ar\/prensa\/wp-json\/wp\/v2\/posts\/77991\/revisions"}],"wp:featuredmedia":[{"embeddable":true,"href":"https:\/\/www.mendoza.gov.ar\/prensa\/wp-json\/wp\/v2\/media\/77998"}],"wp:attachment":[{"href":"https:\/\/www.mendoza.gov.ar\/prensa\/wp-json\/wp\/v2\/media?parent=77991"}],"wp:term":[{"taxonomy":"category","embeddable":true,"href":"https:\/\/www.mendoza.gov.ar\/prensa\/wp-json\/wp\/v2\/categories?post=77991"},{"taxonomy":"post_tag","embeddable":true,"href":"https:\/\/www.mendoza.gov.ar\/prensa\/wp-json\/wp\/v2\/tags?post=77991"}],"curies":[{"name":"wp","href":"https:\/\/api.w.org\/{rel}","templated":true}]}}