{"id":78010,"date":"2017-01-16T14:41:26","date_gmt":"2017-01-16T17:41:26","guid":{"rendered":"http:\/\/prensa.mendoza.gov.ar\/?p=78010"},"modified":"2017-01-16T14:41:26","modified_gmt":"2017-01-16T17:41:26","slug":"el-gobierno-presentara-una-nueva-propuesta-salarial-para-los-profesionales-de-la-salud","status":"publish","type":"post","link":"https:\/\/www.mendoza.gov.ar\/prensa\/el-gobierno-presentara-una-nueva-propuesta-salarial-para-los-profesionales-de-la-salud\/","title":{"rendered":"El Gobierno presentar\u00e1 una nueva propuesta salarial para los profesionales de la Salud"},"content":{"rendered":"<!DOCTYPE html PUBLIC \"-\/\/W3C\/\/DTD HTML 4.0 Transitional\/\/EN\" \"http:\/\/www.w3.org\/TR\/REC-html40\/loose.dtd\">\n<html><body><p>Hoy comenz&oacute; el&nbsp;itinerario de las paritarias para este 2017. La primera reuni&oacute;n formal con personal de la Subsecretar&iacute;a de Trabajo y Empleo del Ministerio de Gobierno a cargo de Alejandro Jofr&eacute;, fue con dirigentes de Ampros para discutir mejoras salariales del R&eacute;gimen 27 de los profesionales de la salud.<\/p>\n<p>Luego del encuentro, el subsecretario de Gesti&oacute;n P&uacute;blica y Modernizaci&oacute;n del Estado, Ulpiano Su&aacute;rez, explic&oacute;: &ldquo;Hemos presentado una propuesta de incremento salarial para 2017 haciendo hincapi&eacute; en que esto representa un gran esfuerzo para el Gobierno provincial y que se ajusta al presupuesto autorizado por la Legislatura. Sabemos que una negociaci&oacute;n responsable va a permitir arribar a resultados beneficiosos para todas las partes&rdquo;.<\/p>\n<p><a href=\"https:\/\/www.mendoza.gov.ar\/prensa\/wp-content\/uploads\/sites\/23\/yayo.jpg\"><img loading=\"lazy\" class=\"alignnone wp-image-78013 img-responsive center-block\" src=\"https:\/\/www.mendoza.gov.ar\/prensa\/wp-content\/uploads\/sites\/23\/yayo.jpg\" alt=\"\" width=\"650\" height=\"434\"><\/a><\/p>\n<p>&ldquo;La propuesta de incremento salarial es del 15%, un 10% a partir de febrero y el 5% a partir de julio. Respecto de los pases a planta, se han cumplido&nbsp; la mayor&iacute;a de los compromisos asumidos. La nueva audiencia es el 26 de enero y nos hemos comprometido a traer una soluci&oacute;n a los pases pendientes&rdquo;, agreg&oacute; el funcionario.<\/p>\n<p>Para finalizar Su&aacute;rez, dijo que &ldquo;el gremio Ampros consider&oacute; insuficiente la propuesta y ha pedido que traigamos una nueva propuesta. Vamos a trabajar en conjunto para acercar una oferta superadora y vamos a analizar en los equipos t&eacute;cnicos algunos pedidos puntuales que ha formulado el gremio&rdquo;.<\/p>\n<\/body><\/html>\n","protected":false},"excerpt":{"rendered":"El Ejecutivo provincial hoy ofreci\u00f3 un 15% de incremento salarial en dos tramos para el r\u00e9gimen 27 de la salud, esto fue considerado insuficiente por el gremio, por lo que el pr\u00f3ximo 26 de enero los miembros paritarios llevar\u00e1n una nueva propuesta.","protected":false},"author":2,"featured_media":78012,"comment_status":"open","ping_status":"open","sticky":false,"template":"","format":"standard","meta":[],"categories":[20],"tags":[],"_links":{"self":[{"href":"https:\/\/www.mendoza.gov.ar\/prensa\/wp-json\/wp\/v2\/posts\/78010"}],"collection":[{"href":"https:\/\/www.mendoza.gov.ar\/prensa\/wp-json\/wp\/v2\/posts"}],"about":[{"href":"https:\/\/www.mendoza.gov.ar\/prensa\/wp-json\/wp\/v2\/types\/post"}],"author":[{"embeddable":true,"href":"https:\/\/www.mendoza.gov.ar\/prensa\/wp-json\/wp\/v2\/users\/2"}],"replies":[{"embeddable":true,"href":"https:\/\/www.mendoza.gov.ar\/prensa\/wp-json\/wp\/v2\/comments?post=78010"}],"version-history":[{"count":0,"href":"https:\/\/www.mendoza.gov.ar\/prensa\/wp-json\/wp\/v2\/posts\/78010\/revisions"}],"wp:featuredmedia":[{"embeddable":true,"href":"https:\/\/www.mendoza.gov.ar\/prensa\/wp-json\/wp\/v2\/media\/78012"}],"wp:attachment":[{"href":"https:\/\/www.mendoza.gov.ar\/prensa\/wp-json\/wp\/v2\/media?parent=78010"}],"wp:term":[{"taxonomy":"category","embeddable":true,"href":"https:\/\/www.mendoza.gov.ar\/prensa\/wp-json\/wp\/v2\/categories?post=78010"},{"taxonomy":"post_tag","embeddable":true,"href":"https:\/\/www.mendoza.gov.ar\/prensa\/wp-json\/wp\/v2\/tags?post=78010"}],"curies":[{"name":"wp","href":"https:\/\/api.w.org\/{rel}","templated":true}]}}