{"id":78090,"date":"2017-01-17T16:10:56","date_gmt":"2017-01-17T19:10:56","guid":{"rendered":"http:\/\/prensa.mendoza.gov.ar\/?p=78090"},"modified":"2019-03-14T10:02:08","modified_gmt":"2019-03-14T13:02:08","slug":"ambiente-retiro-el-cartel-del-ex-zoologico-por-el-nuevo-anuncio-de-ecoparque","status":"publish","type":"post","link":"https:\/\/www.mendoza.gov.ar\/prensa\/ambiente-retiro-el-cartel-del-ex-zoologico-por-el-nuevo-anuncio-de-ecoparque\/","title":{"rendered":"Ambiente retir\u00f3 el cartel del Ex Zool\u00f3gico por el nuevo anuncio de Ecoparque\u00a0"},"content":{"rendered":"<!DOCTYPE html PUBLIC \"-\/\/W3C\/\/DTD HTML 4.0 Transitional\/\/EN\" \"http:\/\/www.w3.org\/TR\/REC-html40\/loose.dtd\">\n<html><body><p>La directora de Ecoparque, Mariana Caram junto al director de Parques y Espacios P&uacute;blicos, Ricardo Mariotti, de la Secretar&iacute;a de Ambiente y Ordenamiento Territoria, retiraron el cartel que se ubicaba en la entrada principal del Ex Zool&oacute;gico provincial, titulado: &ldquo;Bienvenidos al Zoo&rdquo;, para implementar el nuevo anuncio que se&ntilde;ala: &ldquo;Pr&oacute;ximamente Ecoparque&rdquo;.<\/p>\n<p>Bajo este nuevo concepto de paseo, lo que busca la nueva Direcci&oacute;n de Ecoparque, es el cambio de paradigma del lugar, con el principal objetivo que marca la ley: conservaci&oacute;n de la flora y fauna nativa, el bienestar animal, la educaci&oacute;n y concientizaci&oacute;n ambiental y el respeto a las especies.<\/p>\n<p>Tambi&eacute;n &nbsp;estuvieron el diputado Provincial y autor del Proyecto Ecoparque, Omar Sorroche; el diputado Provincial, Gustavo Villegas y el coordinador Nacional de Zoo XXI, Leandro Fruitos.<\/p>\n<p><a href=\"https:\/\/www.mendoza.gov.ar\/prensa\/wp-content\/uploads\/sites\/23\/Gobierno-Ecoparque-17-01-2017-14-25.jpg\"><img loading=\"lazy\" class=\"alignnone wp-image-78093 img-responsive center-block\" src=\"https:\/\/www.mendoza.gov.ar\/prensa\/wp-content\/uploads\/sites\/23\/Gobierno-Ecoparque-17-01-2017-14-25.jpg\" alt=\"\" width=\"650\" height=\"414\"><\/a><\/p>\n<p>La directora de Ecoparque, Mariana Caram se&ntilde;al&oacute;: &ldquo;es un cambio muy importante para la historia de este paseo y para la sociedad mendocina, ya que despu&eacute;s de varios a&ntilde;os logramos encaminar este paseo al bienestar animal y al cuidado del medio ambiente. Hoy dejamos de lado un Zool&oacute;gico de exhibicionismo animal para entretenimiento del p&uacute;blico, por un nuevo paseo basado en la educaci&oacute;n, el respeto a los animales y la conservaci&oacute;n, entre otras cosas&rdquo;.<\/p>\n<p>Si bien el paseo contar&aacute; con un nuevo nombre basado en la flora y fauna nativa de nuestra provincia, como lo anunci&oacute; d&iacute;as atr&aacute;s el secretario de Ambiente y Ordenamiento Territorial, Humberto Mingorance, se presentar&aacute; una vez que el lugar reabra sus puertas al p&uacute;blico.<\/p>\n<p>Por el momento, el paseo continua cerrado con la finalidad de agilizar los traslados, las obras de reconversi&oacute;n para mejorar la calidad de vida de los animales y la seguridad de los visitantes, ya que anteriormente y durante muchos a&ntilde;os, estas condiciones no estaban dadas.<\/p>\n<\/body><\/html>\n","protected":false},"excerpt":{"rendered":"Bajo el nuevo paradigma de la reciente ley aprobada de Ecoparque, la Secretar\u00eda de Ambiente y Ordenamiento Territorial, retir\u00f3 el hist\u00f3rico cartel de \u201cBienvenidos al Zoo\u201d con el objetivo de cambiar el concepto del paseo.\u00a0","protected":false},"author":2,"featured_media":78092,"comment_status":"open","ping_status":"open","sticky":false,"template":"","format":"standard","meta":[],"categories":[3],"tags":[],"_links":{"self":[{"href":"https:\/\/www.mendoza.gov.ar\/prensa\/wp-json\/wp\/v2\/posts\/78090"}],"collection":[{"href":"https:\/\/www.mendoza.gov.ar\/prensa\/wp-json\/wp\/v2\/posts"}],"about":[{"href":"https:\/\/www.mendoza.gov.ar\/prensa\/wp-json\/wp\/v2\/types\/post"}],"author":[{"embeddable":true,"href":"https:\/\/www.mendoza.gov.ar\/prensa\/wp-json\/wp\/v2\/users\/2"}],"replies":[{"embeddable":true,"href":"https:\/\/www.mendoza.gov.ar\/prensa\/wp-json\/wp\/v2\/comments?post=78090"}],"version-history":[{"count":1,"href":"https:\/\/www.mendoza.gov.ar\/prensa\/wp-json\/wp\/v2\/posts\/78090\/revisions"}],"predecessor-version":[{"id":176218,"href":"https:\/\/www.mendoza.gov.ar\/prensa\/wp-json\/wp\/v2\/posts\/78090\/revisions\/176218"}],"wp:featuredmedia":[{"embeddable":true,"href":"https:\/\/www.mendoza.gov.ar\/prensa\/wp-json\/wp\/v2\/media\/78092"}],"wp:attachment":[{"href":"https:\/\/www.mendoza.gov.ar\/prensa\/wp-json\/wp\/v2\/media?parent=78090"}],"wp:term":[{"taxonomy":"category","embeddable":true,"href":"https:\/\/www.mendoza.gov.ar\/prensa\/wp-json\/wp\/v2\/categories?post=78090"},{"taxonomy":"post_tag","embeddable":true,"href":"https:\/\/www.mendoza.gov.ar\/prensa\/wp-json\/wp\/v2\/tags?post=78090"}],"curies":[{"name":"wp","href":"https:\/\/api.w.org\/{rel}","templated":true}]}}