{"id":78186,"date":"2017-01-19T11:56:11","date_gmt":"2017-01-19T14:56:11","guid":{"rendered":"http:\/\/prensa.mendoza.gov.ar\/?p=78186"},"modified":"2017-01-19T11:56:11","modified_gmt":"2017-01-19T14:56:11","slug":"economia-evalua-adelantar-el-pago-del-fondo-compensador-agricola","status":"publish","type":"post","link":"https:\/\/www.mendoza.gov.ar\/prensa\/economia-evalua-adelantar-el-pago-del-fondo-compensador-agricola\/","title":{"rendered":"Econom\u00eda eval\u00faa adelantar el pago del Fondo Compensador Agr\u00edcola"},"content":{"rendered":"<!DOCTYPE html PUBLIC \"-\/\/W3C\/\/DTD HTML 4.0 Transitional\/\/EN\" \"http:\/\/www.w3.org\/TR\/REC-html40\/loose.dtd\">\n<html><body><p>Tras la tormenta granicera que afect&oacute; severamente al Sur provincial durante la primera quincena de enero, que se suma a las p&eacute;rdidas de cosecha por las heladas tard&iacute;as de setiembre, el ministro de Econom&iacute;a, Infraestructura y Energ&iacute;a, Enrique Vaqui&eacute;, dispuso que se aceleren los plazos para pagar la primera cuota del Fondo de Compensaci&oacute;n Agr&iacute;cola (FCA)&nbsp;para productores declarados en emergencia o desastre agropecuario.<\/p>\n<p>El objetivo es que los &uacute;ltimos d&iacute;as de febrero se comience a abonar el 50% de la compensaci&oacute;n de da&ntilde;os por contingencia para que los productores afectados puedan afrontar las p&eacute;rdidas. De esta manera se adelantar&iacute;a el pago que normalmente empieza en el segundo trimestre del a&ntilde;o.<\/p>\n<p>As&iacute; lo anticip&oacute; el subsecretario de Agricultura y Ganader&iacute;a, Alfredo Aciar, durante la visita que realiz&oacute; a General Alvear y San Rafael, junto al director ejecutivo del Fondo para la Transformaci&oacute;n y el Crecimiento (FTyC) Sergio Moralejo, para atender las necesidades de los productores sure&ntilde;os.<\/p>\n<p>Mientras tanto, en General Alvear se comenz&oacute; a pagar el subsidio de $1.400 por hect&aacute;rea a quienes sufrieron m&aacute;s del 50% de da&ntilde;o por heladas, que surge de una medida del Gobierno provincial que dispuso afectar 30 millones de pesos, con contraparte municipal, para ayudar a los productores m&aacute;s comprometidos.<\/p>\n<p>Otra de las disposiciones para aliviar a la situaci&oacute;n, anunciada por Moralejo, es que el FTyC prorrogar&aacute; la cuota de cosecha y acarreo vitivin&iacute;cola y frut&iacute;cola para marzo de 2018 para quienes tengan el certificado por m&aacute;s del 50% de da&ntilde;o. Adem&aacute;s, los damnificados, en la misma situaci&oacute;n, que hayan tomado alg&uacute;n cr&eacute;dito y tengan cuotas vencidas, tendr&aacute;n la posibilidad de refinanciar el endeudamiento y comenzar a pagar en marzo de 2018.<\/p>\n<p>&ldquo;Para los productores afectados por la fuerte tormenta granicera estamos planeando un cr&eacute;dito que est&eacute; disponible a partir de febrero, a trav&eacute;s de Mendoza Fiduciaria, para que puedan hacer recambio de plantas o cubrir las necesidades que prioricen en cada propiedad. Este beneficio es paralelo al cr&eacute;dito del Consejo Federal de Inversiones de 100 mil pesos a tasa cero y a pagar en cuatro a&ntilde;os&rdquo;, detall&oacute; Alfredo Aciar.<\/p>\n<p>Un pedido de los damnificados que obtuvo respuesta inmediata del Gobierno fue la posibilidad de que se puedan inscribir las hect&aacute;reas hort&iacute;colas, como tomate, que no est&aacute;n contempladas en el Fondo Compensador Agr&iacute;cola. La solicitud fue atendida y a partir de enero podr&aacute;n inscribirse los productores para acceder a este beneficio.<\/p>\n<p><strong>Gestiones nacionales&nbsp;<\/strong><\/p>\n<p>Alfredo Aciar indic&oacute; que se le ha solicitado a la Comisi&oacute;n Nacional de Emergencia Agropecuaria que homologue el Decreto 1761\/16 para que a los beneficios otorgados por la Provincia de pr&oacute;rroga o eximici&oacute;n de pagos de Rentas, Irrigaci&oacute;n y cr&eacute;ditos provinciales que contempla la Ley de Emergencia de la Provincia, se sumen los correspondientes a AFIP y a cr&eacute;ditos del Banco Naci&oacute;n.<\/p>\n<p>Por otra parte, se solicit&oacute; al Gobierno nacional que todos los productores vit&iacute;colas en emergencia que tengan deudas con el Sistema de Corresponsabilidad Social Empresaria, de 2012 a 2015, que ingresen a la moratoria de AFIP. Esto les va a permitir pagar hasta en sesenta cuotas su endeudamiento y, de esta manera, liberar el vino que tienen en bodega como garant&iacute;a de pago.<\/p>\n<p>&nbsp;<\/p>\n<p>&nbsp;<\/p>\n<\/body><\/html>\n","protected":false},"excerpt":{"rendered":"La medida apunta a mitigar los efectos de las contingencias clim\u00e1ticas que afectaron la producci\u00f3n agropecuaria. Otras disposiciones para productores afectados. ","protected":false},"author":2,"featured_media":78187,"comment_status":"open","ping_status":"open","sticky":false,"template":"","format":"standard","meta":[],"categories":[1],"tags":[],"_links":{"self":[{"href":"https:\/\/www.mendoza.gov.ar\/prensa\/wp-json\/wp\/v2\/posts\/78186"}],"collection":[{"href":"https:\/\/www.mendoza.gov.ar\/prensa\/wp-json\/wp\/v2\/posts"}],"about":[{"href":"https:\/\/www.mendoza.gov.ar\/prensa\/wp-json\/wp\/v2\/types\/post"}],"author":[{"embeddable":true,"href":"https:\/\/www.mendoza.gov.ar\/prensa\/wp-json\/wp\/v2\/users\/2"}],"replies":[{"embeddable":true,"href":"https:\/\/www.mendoza.gov.ar\/prensa\/wp-json\/wp\/v2\/comments?post=78186"}],"version-history":[{"count":0,"href":"https:\/\/www.mendoza.gov.ar\/prensa\/wp-json\/wp\/v2\/posts\/78186\/revisions"}],"wp:featuredmedia":[{"embeddable":true,"href":"https:\/\/www.mendoza.gov.ar\/prensa\/wp-json\/wp\/v2\/media\/78187"}],"wp:attachment":[{"href":"https:\/\/www.mendoza.gov.ar\/prensa\/wp-json\/wp\/v2\/media?parent=78186"}],"wp:term":[{"taxonomy":"category","embeddable":true,"href":"https:\/\/www.mendoza.gov.ar\/prensa\/wp-json\/wp\/v2\/categories?post=78186"},{"taxonomy":"post_tag","embeddable":true,"href":"https:\/\/www.mendoza.gov.ar\/prensa\/wp-json\/wp\/v2\/tags?post=78186"}],"curies":[{"name":"wp","href":"https:\/\/api.w.org\/{rel}","templated":true}]}}