{"id":78259,"date":"2017-01-21T10:00:22","date_gmt":"2017-01-21T13:00:22","guid":{"rendered":"http:\/\/prensa.mendoza.gov.ar\/?p=78259"},"modified":"2017-01-21T10:00:22","modified_gmt":"2017-01-21T13:00:22","slug":"esta-a-disposicion-un-0800-para-denuncias-de-violencia-laboral","status":"publish","type":"post","link":"https:\/\/www.mendoza.gov.ar\/prensa\/esta-a-disposicion-un-0800-para-denuncias-de-violencia-laboral\/","title":{"rendered":"Est\u00e1 a disposici\u00f3n un 0800 para denuncias de violencia laboral"},"content":{"rendered":"<!DOCTYPE html PUBLIC \"-\/\/W3C\/\/DTD HTML 4.0 Transitional\/\/EN\" \"http:\/\/www.w3.org\/TR\/REC-html40\/loose.dtd\">\n<html><body><p class=\"m_7684681975371179565m_2133753000952239169m_6472280239828030866gmail-m_5291853683166910895gmail-Noparagraphstyle\"><span class=\"m_7684681975371179565m_2133753000952239169m_6472280239828030866gmail-m_5291853683166910895gmail-titulos\">Violencia Laboral es todo<\/span><span class=\"m_7684681975371179565m_2133753000952239169m_6472280239828030866gmail-m_5291853683166910895gmail-Textocorrido\">&nbsp;abuso de poder con la finalidad de excluir o someter a una trabajadora o trabajador de su empleo. Asimismo es la acci&oacute;n persistente y reiterada de incomodar a un trabajador manifestada en comportamientos, palabras, actos, gestos y escritos que atenten contra la personalidad, la dignidad o la integridad, o que pueda poner en peligro su empleo o degradar el clima de trabajo en raz&oacute;n de su sexo, conformaci&oacute;n f&iacute;sica, religi&oacute;n, pol&iacute;tica, edad, otros.<\/span><\/p>\n<p class=\"m_7684681975371179565m_2133753000952239169m_6472280239828030866gmail-m_5291853683166910895gmail-Noparagraphstyle\"><span class=\"m_7684681975371179565m_2133753000952239169m_6472280239828030866gmail-m_5291853683166910895gmail-Subtitulos\">Se manifiesta ante la&nbsp;<\/span><span class=\"m_7684681975371179565m_2133753000952239169m_6472280239828030866gmail-m_5291853683166910895gmail-Textocorrido\">conducta hostil de forma continua y repetida en forma de insultos, desprecio, cr&iacute;ticas, amenazas o aislamiento. Como as&iacute; tambi&eacute;n toda conducta que directa o indirectamente est&eacute; dirigida a ocasionar un da&ntilde;o, sufrimiento f&iacute;sico o acercamiento sexual no deseado sobre los trabajadores.<\/span><\/p>\n<p class=\"m_7684681975371179565m_2133753000952239169m_6472280239828030866gmail-m_5291853683166910895gmail-Noparagraphstyle\"><span class=\"m_7684681975371179565m_2133753000952239169m_6472280239828030866gmail-m_5291853683166910895gmail-Subtitulos\"><b>D&oacute;nde se puede realizar la denuncia<\/b><\/span><\/p>\n<p class=\"m_7684681975371179565m_2133753000952239169m_6472280239828030866gmail-m_5291853683166910895gmail-Noparagraphstyle\"><span class=\"m_7684681975371179565m_2133753000952239169m_6472280239828030866gmail-m_5291853683166910895gmail-Subtitulos\">La denuncia la puede realizar<\/span><span class=\"m_7684681975371179565m_2133753000952239169m_6472280239828030866gmail-m_5291853683166910895gmail-Textocorrido\">&nbsp;trabajador que se considere v&iacute;ctima, en forma individual o grupal sea empleado del sector p&uacute;blico o privado en la oficina de Denuncias y Audiencias mediadoras en violencia laboral de la Subsecretar&iacute;a de Trabajo y Empleo. Tambi&eacute;n se reciben denuncias telef&oacute;nicas an&oacute;nimas al&nbsp; 0800-222-8722 de lunes a viernes de 8 a 17 hs.<\/span><\/p>\n<p class=\"m_7684681975371179565m_2133753000952239169m_6472280239828030866gmail-m_5291853683166910895gmail-Noparagraphstyle\"><span class=\"m_7684681975371179565m_2133753000952239169m_6472280239828030866gmail-m_5291853683166910895gmail-Textocorrido\">El trabajador debe concurrir en forma personal o por un representado y deber&aacute; exponer su caso para ser asesorado sobre derechos vulnerados y para informarse sobre c&oacute;mo se proceder&aacute; administrativamente. Es importante destacar que la mediaci&oacute;n no incluye en ning&uacute;n caso indemnizaci&oacute;n.<\/span><\/p>\n<p class=\"m_7684681975371179565m_2133753000952239169m_6472280239828030866gmail-m_5291853683166910895gmail-Noparagraphstyle\"><span class=\"m_7684681975371179565m_2133753000952239169m_6472280239828030866gmail-m_5291853683166910895gmail-Subtitulos\">La documentaci&oacute;n que debe presentar es&nbsp;<\/span><span class=\"m_7684681975371179565m_2133753000952239169m_6472280239828030866gmail-m_5291853683166910895gmail-Textocorrido\">&nbsp;Fotocopia de DNI, bonos de sueldo (si posee) y certificados que acrediten su situaci&oacute;n de salud (psicol&oacute;gicos, m&eacute;dicos, psiqui&aacute;tricos, otros).<\/span><\/p>\n<div class=\"yj6qo ajU\">\n<div id=\":2rz\" class=\"ajR\"><img class=\"ajT img-responsive center-block\" src=\"https:\/\/ssl.gstatic.com\/ui\/v1\/icons\/mail\/images\/cleardot.gif\" alt=\"\"><\/div>\n<\/div>\n<\/body><\/html>\n","protected":false},"excerpt":{"rendered":"La subsecretar\u00eda de Trabajo y Empleo a cargo de Alejandro Jofr\u00e9 realiza atenci\u00f3n de consultas y recepci\u00f3n de denuncias sobre violencia laboral, asesoramiento en aspectos legales y en lo referente a la salud psicof\u00edsica.","protected":false},"author":2,"featured_media":78260,"comment_status":"open","ping_status":"open","sticky":false,"template":"","format":"standard","meta":[],"categories":[20],"tags":[],"_links":{"self":[{"href":"https:\/\/www.mendoza.gov.ar\/prensa\/wp-json\/wp\/v2\/posts\/78259"}],"collection":[{"href":"https:\/\/www.mendoza.gov.ar\/prensa\/wp-json\/wp\/v2\/posts"}],"about":[{"href":"https:\/\/www.mendoza.gov.ar\/prensa\/wp-json\/wp\/v2\/types\/post"}],"author":[{"embeddable":true,"href":"https:\/\/www.mendoza.gov.ar\/prensa\/wp-json\/wp\/v2\/users\/2"}],"replies":[{"embeddable":true,"href":"https:\/\/www.mendoza.gov.ar\/prensa\/wp-json\/wp\/v2\/comments?post=78259"}],"version-history":[{"count":0,"href":"https:\/\/www.mendoza.gov.ar\/prensa\/wp-json\/wp\/v2\/posts\/78259\/revisions"}],"wp:featuredmedia":[{"embeddable":true,"href":"https:\/\/www.mendoza.gov.ar\/prensa\/wp-json\/wp\/v2\/media\/78260"}],"wp:attachment":[{"href":"https:\/\/www.mendoza.gov.ar\/prensa\/wp-json\/wp\/v2\/media?parent=78259"}],"wp:term":[{"taxonomy":"category","embeddable":true,"href":"https:\/\/www.mendoza.gov.ar\/prensa\/wp-json\/wp\/v2\/categories?post=78259"},{"taxonomy":"post_tag","embeddable":true,"href":"https:\/\/www.mendoza.gov.ar\/prensa\/wp-json\/wp\/v2\/tags?post=78259"}],"curies":[{"name":"wp","href":"https:\/\/api.w.org\/{rel}","templated":true}]}}