{"id":78263,"date":"2017-01-20T12:49:11","date_gmt":"2017-01-20T15:49:11","guid":{"rendered":"http:\/\/prensa.mendoza.gov.ar\/?p=78263"},"modified":"2017-01-20T12:49:11","modified_gmt":"2017-01-20T15:49:11","slug":"esta-en-marcha-la-primera-etapa-de-la-puesta-en-valor-en-el-parque-general-san-martin","status":"publish","type":"post","link":"https:\/\/www.mendoza.gov.ar\/prensa\/esta-en-marcha-la-primera-etapa-de-la-puesta-en-valor-en-el-parque-general-san-martin\/","title":{"rendered":"Est\u00e1 en marcha la primera etapa de la puesta en valor en el Parque General San Mart\u00edn"},"content":{"rendered":"<!DOCTYPE html PUBLIC \"-\/\/W3C\/\/DTD HTML 4.0 Transitional\/\/EN\" \"http:\/\/www.w3.org\/TR\/REC-html40\/loose.dtd\">\n<html><body><p>Tal como lo anunci&oacute; el Gobernador de la provincia, Alfredo Cornejo, junto al secretario de Ambiente y Ordenamiento Territorial, Humberto Mingorance, el parque General San Mart&iacute;n volver&aacute; a lucir su mejor cara con un plan de obras y puesta en valor que se llevar&aacute; adelante en este 2017.<\/p>\n<p>El hist&oacute;rico paseo de todos los mendocinos, cuenta con m&aacute;s de 400 hect&aacute;reas, una universidad p&uacute;blica, un estadio deportivo, un anfiteatro y diversos clubes entre otras cosas, caracterizado como un espacio simb&oacute;lico para la provincia de Mendoza y con una alta atracci&oacute;n tur&iacute;stica y deportiva para miles de personas que a diario practican diferentes ejercicios.<\/p>\n<p>Durante varios a&ntilde;os, el paseo fue creciendo y a su vez el mantenimiento del mismo disminuyendo. Hoy la actual gesti&oacute;n que encabeza el Gobernador, Alfredo Cornejo y que controla este espacio el secretario de Ambiente, Humberto Mingorance a trav&eacute;s del director de Parques y Espacios P&uacute;blicos, Ricardo Mariotti, elaboraron un plan de reconversi&oacute;n y puesta en valor del mismo.<\/p>\n<p>Las obras con la que este plan cuenta y que ya comienzan a implementarse, consisten en:<\/p>\n<ul>\n<li><strong>Plan de erradicaci&oacute;n de &aacute;rboles secos y enfermos<\/strong>. Este se fundamenta en la cantidad de ejemplares que se han secado por diversos factores, en su gran mayor&iacute;a por haber cumplido con su ciclo de vida, siendo esto necesario para la seguridad de los paseantes. El trabajo abarca un total de 715 forestales pertenecientes a 25 especies vegetales, entre los que se destacan Olmos, &Aacute;lamos, Eucaliptus, Aguaribayes, etc.Ubicados en calles, paseos, prados y bosques del Parques General San Mart&iacute;n, como tambi&eacute;n en el interior del Ecoparque, lo cual se replantar&aacute;n el doble de la cantidad que se sustraiga.El plazo de la prestaci&oacute;n se estima en 150 d&iacute;as h&aacute;biles (5 meses). En total el Parque cuenta con m&aacute;s de 20.000 &aacute;rboles en toda su expansi&oacute;n y esta tarea est&aacute; habilitada y supervisada por la Direcci&oacute;n de Recursos Naturales Renovables de la provincia.<\/li>\n<\/ul>\n<ul>\n<li><strong>Restauraci&oacute;n e implementaci&oacute;n de m&aacute;s de 3.000 luminarias.<\/strong>Consiste en el arreglo de las luminarias que se encuentran rotas y en la implementaci&oacute;n de nuevas luminarias en diversos sectores del predio en el que actualmente es escasa la iluminaci&oacute;n. Entre otros, una iluminaci&oacute;n especial para los portones del Parque, la fuente de los Continentes, el Parque Aborigen y el Cerro de la Gloria.<\/li>\n<\/ul>\n<ul>\n<li><strong>C&aacute;maras de Seguridad.<\/strong> Brindar y garantizar mayor seguridad a los paseantes, turistas y deportistas que hoy circulan en el Parque es otro de los principales objetivos, es por eso que se implementar&aacute; un sistema de c&aacute;maras monitoreadas por el Ministerio de Seguridad en el predio.<\/li>\n<\/ul>\n<ul>\n<li><strong>Repavimentaci&oacute;n de calles. <\/strong>Se llevar&aacute; a cabo un intenso trabajo en la mejora de las calles, en los principales espacios transitados por los visitantes. Este trabajo consiste en repavimentar el n&uacute;cleo hist&oacute;rico del Parque General San Mart&iacute;n en su totalidad. Adem&aacute;s se construir&aacute; una amplia ciclo v&iacute;a para brindar otro mejor servicio a los deportistas.<\/li>\n<\/ul>\n<ul>\n<li><strong>Regulaci&oacute;n del tr&aacute;nsito vehicular.<\/strong> Durante el &uacute;ltimo tiempo el tr&aacute;nsito y estacionamiento de veh&iacute;culos se ha ido incrementando en el paseo, como as&iacute; tambi&eacute;n el vandalismo y la m&uacute;sica en los veh&iacute;culos a m&aacute;ximo volumen, hasta largas horas de la noche, es por eso que se ide&oacute; un plan de reacomodamiento vehicular, dando prioridad al tr&aacute;nsito de los peatones y un estricto control al estacionamiento en sectores exclusivos para el autom&oacute;vil.<\/li>\n<\/ul>\n<p>Durante los pr&oacute;ximos d&iacute;as, la Direcci&oacute;n de Parques y Espacios P&uacute;blicos, informa que se comenzar&aacute; con la erradicaci&oacute;n de los &aacute;rboles que se encuentran relevados para suplantar por los nuevos ejemplares y con la habilitaci&oacute;n y supervisi&oacute;n correspondiente de la Direcci&oacute;n de Recursos Naturales Renovables de la provincia.<\/p>\n<p>Tambi&eacute;n es importante destacar que este plan de obras y puesta en valor se implementar&aacute; de forma paralela en el Parque y Centro C&iacute;vico, a los alrededores de Casa de Gobierno de la Ciudad de Mendoza.<\/p>\n<p>&nbsp;<\/p>\n<\/body><\/html>\n","protected":false},"excerpt":{"rendered":"La Secretar\u00eda de Ambiente y Ordenamiento Territorial a trav\u00e9s de la Direcci\u00f3n de Parques y Espacios P\u00fablicos comenz\u00f3 con las obras en el principal pulm\u00f3n verde de la provincia. La primera etapa se trata del plan de erradicaci\u00f3n de \u00e1rboles secos y enfermos.","protected":false},"author":2,"featured_media":78264,"comment_status":"open","ping_status":"open","sticky":false,"template":"","format":"standard","meta":[],"categories":[3],"tags":[],"_links":{"self":[{"href":"https:\/\/www.mendoza.gov.ar\/prensa\/wp-json\/wp\/v2\/posts\/78263"}],"collection":[{"href":"https:\/\/www.mendoza.gov.ar\/prensa\/wp-json\/wp\/v2\/posts"}],"about":[{"href":"https:\/\/www.mendoza.gov.ar\/prensa\/wp-json\/wp\/v2\/types\/post"}],"author":[{"embeddable":true,"href":"https:\/\/www.mendoza.gov.ar\/prensa\/wp-json\/wp\/v2\/users\/2"}],"replies":[{"embeddable":true,"href":"https:\/\/www.mendoza.gov.ar\/prensa\/wp-json\/wp\/v2\/comments?post=78263"}],"version-history":[{"count":0,"href":"https:\/\/www.mendoza.gov.ar\/prensa\/wp-json\/wp\/v2\/posts\/78263\/revisions"}],"wp:featuredmedia":[{"embeddable":true,"href":"https:\/\/www.mendoza.gov.ar\/prensa\/wp-json\/wp\/v2\/media\/78264"}],"wp:attachment":[{"href":"https:\/\/www.mendoza.gov.ar\/prensa\/wp-json\/wp\/v2\/media?parent=78263"}],"wp:term":[{"taxonomy":"category","embeddable":true,"href":"https:\/\/www.mendoza.gov.ar\/prensa\/wp-json\/wp\/v2\/categories?post=78263"},{"taxonomy":"post_tag","embeddable":true,"href":"https:\/\/www.mendoza.gov.ar\/prensa\/wp-json\/wp\/v2\/tags?post=78263"}],"curies":[{"name":"wp","href":"https:\/\/api.w.org\/{rel}","templated":true}]}}