{"id":78280,"date":"2017-01-20T14:50:48","date_gmt":"2017-01-20T17:50:48","guid":{"rendered":"http:\/\/prensa.mendoza.gov.ar\/?p=78280"},"modified":"2017-01-20T14:50:48","modified_gmt":"2017-01-20T17:50:48","slug":"la-legislatura-recibio-los-restos-del-general-obrien-ayudante-de-campo-de-don-jose-de-san-martin","status":"publish","type":"post","link":"https:\/\/www.mendoza.gov.ar\/prensa\/la-legislatura-recibio-los-restos-del-general-obrien-ayudante-de-campo-de-don-jose-de-san-martin\/","title":{"rendered":"La Legislatura recibi\u00f3 los restos del general O\u2019Brien, ayudante de campo de don Jos\u00e9 de San Mart\u00edn"},"content":{"rendered":"<!DOCTYPE html PUBLIC \"-\/\/W3C\/\/DTD HTML 4.0 Transitional\/\/EN\" \"http:\/\/www.w3.org\/TR\/REC-html40\/loose.dtd\">\n<html><body><p>En la explanada de la Legislatura Provincial se recibieron hoy los restos del general&nbsp; John Thomond O&rsquo;Brien, ayudante de campo del General San Mart&iacute;n. De esta manera, comenzaron los actos de celebraci&oacute;n del Bicentenario del Cruce de los Andes.<\/p>\n<p>La vicegobernadora Laura Montero encabez&oacute; la actividad acompa&ntilde;ada por el intendente de Las Heras, Daniel Orozco, y el secretario de Cultura, Diego Gareca. Adem&aacute;s, formaron parte del acto: los intendentes de Godoy Cruz, Tadeo Garc&iacute;a Zalazar, y de Capital, Rodolfo Su&aacute;rez; el titular de la Direcci&oacute;n General de Escuelas, Jaime Correas; el ministro de Gobierno, Dalmiro Garay, la presidenta del Ente Aut&aacute;rquico de Turismo, Gabriela Testa; el senador nacional, Julio Cobos, y la diputada nacional, Patricia Gim&eacute;nez, como as&iacute; tambi&eacute;n el presidente de la C&aacute;mara de Diputados, N&eacute;stor Par&eacute;s; el presidente provisional del Senado, Juan Carlos Jaliff; la senadora, Claudia Najul, entre otras autoridades provinciales, del Ej&eacute;rcito y municipales.<\/p>\n<p><a href=\"https:\/\/www.mendoza.gov.ar\/prensa\/wp-content\/uploads\/sites\/23\/restos1.jpg\"><img loading=\"lazy\" class=\"alignnone wp-image-78282 img-responsive center-block\" src=\"https:\/\/www.mendoza.gov.ar\/prensa\/wp-content\/uploads\/sites\/23\/restos1.jpg\" alt=\"\" width=\"350\" height=\"234\"><\/a><\/p>\n<p>En la previa se realiz&oacute; un espect&aacute;culo art&iacute;stico a cargo de Omar Hern&aacute;ndez y el grupo Los Federales junto al ballet&nbsp; &ldquo;Sol Incaico&rdquo;. Luego, el actor Mart&iacute;n &ldquo;Tino&rdquo; Neglia personific&oacute; al general Don Jos&eacute; de San Mart&iacute;n e hizo un mon&oacute;logo alusivo a la ocasi&oacute;n. La Banda Talcahuano escolt&oacute; los restos del General acompa&ntilde;ados por la Bandera Nacional y Provincial.<\/p>\n<p>En su discurso, la vicegobernadora se mostr&oacute; emocionada por recibir los restos del General O&acute;Brien. &ldquo;Estoy profundamente agradecida por todo el esfuerzo que desarrollaron quienes hicieron posible esto. Hoy quiero expresar mi especial agradecimiento a la familia que dio su consentimiento y pens&oacute; que Mendoza era el lugar donde ten&iacute;an que descansar los restos del militar&rdquo;, dijo.<\/p>\n<p>Tambi&eacute;n Montero agradeci&oacute; al pueblo de Mendoza por ser el art&iacute;fice de esa gesta libertadora desarrollada 200 a&ntilde;os atr&aacute;s. &ldquo;San Mart&iacute;n, como todos los grandes de la gesta libertadora, tuvieron un sue&ntilde;o gigantesco que era conquistar medio continente. Estas personalidades estaban encendidas por la pasi&oacute;n de vernos como naciones libres, soberanas. Me parece que esto es sobre lo que tenemos que reflexionar todos los mendocinos&rdquo;, subray&oacute; la ingeniera.<\/p>\n<p>La funcionaria destac&oacute; la trayectoria de O&rsquo;Brien acompa&ntilde;ando a San Mart&iacute;n en el campo de batalla. &ldquo;Este general fue una de las personas que le supo dar eficacia a la tarea del Padre de la Patria; fue, tal vez, su mano de derecha en las batallas m&aacute;s dif&iacute;ciles que tuvo que librar para la gesta, una persona de confianza. No s&oacute;lo fue la gesta de un ej&eacute;rcito, tambi&eacute;n San Mart&iacute;n como gobernador de Cuyo tuvo la capacidad de convocar un pueblo, el arm&oacute; encadenamientos productivos para la &eacute;poca. Este es el homenaje que los mendocinos le rendimos al general, que va estar siempre en nuestro coraz&oacute;n, trascendiendo a partir de su legado&rdquo;, detall&oacute;.<\/p>\n<p>El presidente de la Junta de Historiadores del R&iacute;o de la Plata, ex combatiente de Malvinas y ex Granadero, Horacio Formica, relat&oacute; el proceso que tuvo que llevarse a cabo para trasladar los restos a nuestra provincia. &ldquo;Hab&iacute;amos hallado los restos en una b&oacute;veda en Buenos Aires sin ninguna b&oacute;veda que lo identificara, me comuniqu&eacute; con H&eacute;ctor O&rsquo;Brien le ped&iacute; permiso y posteriormente habl&eacute; con el intendente Orozco por el viejo sue&ntilde;o m&iacute;o de trasladar al amigo, asesor y ayudante de campo de San Mart&iacute;n a Mendoza era un gran anhelo&rdquo;, dijo el especialista.<\/p>\n<p>Asimismo, el jefe comunal lasherino dijo: &ldquo;Para nosotros el hecho de estar ac&aacute; es hist&oacute;rico ya que vamos a llevarlo al Campo Hist&oacute;rico El Plumerillo para rendirle los honores que este militar se merece. Fue un hombre que trascendi&oacute; las fronteras de los pa&iacute;ses. Quiero agradecer a todos aquellos que hicieron posible que esto pudiera ocurrir&rdquo;, coment&oacute;.<\/p>\n<p>Para el secretario de Cultura provincial, es un orgullo muy grande poder participar de los festejos de los 200 del Bicentenario del Cruce de los Andes. &ldquo;Que descansen los restos de este amigo y compa&ntilde;ero en el campo de batalla de San Mart&iacute;n es reconocer esa haza&ntilde;a libertadora que se gest&oacute; en nuestra provincia&rdquo;, asever&oacute;.<\/p>\n<p>Finalmente, se realiz&oacute; la Posesi&oacute;n de los Sargentos del Memorial de la Bandera sobre la urna del General O&rsquo;Brien y traslado hacia el Sal&oacute;n de los Gobernadores. Los restos ser&aacute;n exhibidos en la Casa de las Leyes hasta el lunes 23 de enero, luego ser&aacute;n trasladados al Campo Hist&oacute;rico el Plumerillo en una emotiva ceremonia.<\/p>\n<p><strong>Agenda<\/strong><\/p>\n<p>Los ciudadanos que quieran rendirle homenaje al Gral. O&acute;Brien podr&aacute;n visitar el Sal&oacute;n de los Gobernadores el s&aacute;bado 21 y el domingo 22,&nbsp; a partir de las 10 y hasta las 18, ya que las puertas de la Legislatura permanecer&aacute;n abiertas para apreciar la urna que contiene sus restos.<\/p>\n<p>Tambi&eacute;n podr&aacute;n disfrutar de interpretaciones musicales en homenaje a estos 200 a&ntilde;os del Cruce de Los Andes en la explanada de la Legislatura.<\/p>\n<\/body><\/html>\n","protected":false},"excerpt":{"rendered":"La vicegobernadora, Laura Montero,  encabez\u00f3 el inicio de los actos de celebraci\u00f3n por el Bicentenario del Cruce de los Andes. Sus restos ser\u00e1n exhibidos en la Casa de las Leyes hasta el lunes 23. Luego descansar\u00e1n en el Campo Hist\u00f3rico El Plumerillo.","protected":false},"author":2,"featured_media":78281,"comment_status":"open","ping_status":"open","sticky":false,"template":"","format":"standard","meta":[],"categories":[1],"tags":[],"_links":{"self":[{"href":"https:\/\/www.mendoza.gov.ar\/prensa\/wp-json\/wp\/v2\/posts\/78280"}],"collection":[{"href":"https:\/\/www.mendoza.gov.ar\/prensa\/wp-json\/wp\/v2\/posts"}],"about":[{"href":"https:\/\/www.mendoza.gov.ar\/prensa\/wp-json\/wp\/v2\/types\/post"}],"author":[{"embeddable":true,"href":"https:\/\/www.mendoza.gov.ar\/prensa\/wp-json\/wp\/v2\/users\/2"}],"replies":[{"embeddable":true,"href":"https:\/\/www.mendoza.gov.ar\/prensa\/wp-json\/wp\/v2\/comments?post=78280"}],"version-history":[{"count":0,"href":"https:\/\/www.mendoza.gov.ar\/prensa\/wp-json\/wp\/v2\/posts\/78280\/revisions"}],"wp:featuredmedia":[{"embeddable":true,"href":"https:\/\/www.mendoza.gov.ar\/prensa\/wp-json\/wp\/v2\/media\/78281"}],"wp:attachment":[{"href":"https:\/\/www.mendoza.gov.ar\/prensa\/wp-json\/wp\/v2\/media?parent=78280"}],"wp:term":[{"taxonomy":"category","embeddable":true,"href":"https:\/\/www.mendoza.gov.ar\/prensa\/wp-json\/wp\/v2\/categories?post=78280"},{"taxonomy":"post_tag","embeddable":true,"href":"https:\/\/www.mendoza.gov.ar\/prensa\/wp-json\/wp\/v2\/tags?post=78280"}],"curies":[{"name":"wp","href":"https:\/\/api.w.org\/{rel}","templated":true}]}}