{"id":78297,"date":"2017-01-22T08:00:05","date_gmt":"2017-01-22T11:00:05","guid":{"rendered":"http:\/\/prensa.mendoza.gov.ar\/?p=78297"},"modified":"2017-01-22T08:00:05","modified_gmt":"2017-01-22T11:00:05","slug":"exitosa-rehabilitacion-de-un-aguila-mendocina-en-peligro-de-extincion","status":"publish","type":"post","link":"https:\/\/www.mendoza.gov.ar\/prensa\/exitosa-rehabilitacion-de-un-aguila-mendocina-en-peligro-de-extincion\/","title":{"rendered":"Exitosa rehabilitaci\u00f3n de un \u00e1guila coronada"},"content":{"rendered":"<!DOCTYPE html PUBLIC \"-\/\/W3C\/\/DTD HTML 4.0 Transitional\/\/EN\" \"http:\/\/www.w3.org\/TR\/REC-html40\/loose.dtd\">\n<html><body><p>La Direcci&oacute;n de Recursos Naturales Renovables de la Secretar&iacute;a de Ambiente envi&oacute; un ejemplar adulto de &aacute;guila coronada (<em>Buteogallus coronatus<\/em>) al Programa de Conservaci&oacute;n y Rescate de Aves Rapaces del Ecoparque de la Ciudad de Buenos Aires, para su rehabilitaci&oacute;n.<\/p>\n<p>El ave fue recuperada junto con un aguilucho com&uacute;n y un &aacute;guila mora cuando se cerr&oacute; el zool&oacute;gico de San Rafael, en los &uacute;ltimos meses del a&ntilde;o pasado. El aguilucho y el &aacute;guila mora fueron rehabilitadas con el apoyo de Fundaci&oacute;n Cullunche y Cetreros de Mendoza y liberadas en la provincia. En tanto, en octubre de 2016 y despu&eacute;s de analizar el estado del &aacute;guila coronada, las autoridades decidieron trasladarla al programa que funciona en Buenos Aires.<\/p>\n<p>En el lugar, &nbsp;se le efectuaron los controles sanitarios para conocer el estado cl&iacute;nico y f&iacute;sico del animal y determinar su estado de salud y nutricional. Para su rehabilitaci&oacute;n se la ubic&oacute; en un recinto junto a otro ejemplar de &aacute;guila coronada, para que pudiera lograr las interacciones propias de su especie, entrenando conductas naturales que le permitir&aacute;n una mejor reinserci&oacute;n. Asimismo, se le coloc&oacute; un microchip subcut&aacute;neo de identificaci&oacute;n que permitir&aacute; analizar su comportamiento y seguir&nbsp;sus movimientos.<\/p>\n<p>Una vez realizadas esas tareas, se dio por cumplida la primera etapa de rehabilitaci&oacute;n del ave y se determin&oacute; que est&aacute; lista para ingresar a una segunda etapa que se realiza en la provincia de San Luis. Por estas horas, la Provincia efect&uacute;a los tr&aacute;mites legales y log&iacute;sticos para el&nbsp;traslado al Centro de Rescate de Fauna de La Florida, en San Luis. El establecimiento posee las instalaciones adecuadas para realizar la etapa final de la rehabilitaci&oacute;n, con entrenamiento muscular y de h&aacute;bitos de cacer&iacute;a. Esta instituci&oacute;n est&aacute; incluida en el Plan de Acci&oacute;n para la Conservaci&oacute;n del &Aacute;guila Coronada en la Argentina y posee un convenio de colaboraci&oacute;n mutua con la Fundaci&oacute;n Cabur&eacute;-&iacute;.<\/p>\n<p>La duraci&oacute;n de esta segunda etapa de rehabilitaci&oacute;n depender&aacute; de la respuesta del ejemplar, pero su destino definitivo es la reconstituci&oacute;n en la provincia de origen con lugar y fecha a acordar con las autoridades de Fauna de Mendoza. El momento de liberaci&oacute;n ser&aacute; acorde a la temporada &oacute;ptima de suelta, es decir, primavera temprana y\/o verano debido a la mayor disponibilidad de presas -serpientes y otros reptiles- de los que se alimenta el &aacute;guila mora.<\/p>\n<p>Se ha previsto colocarle al ejemplar un emisor VHF, donado por la Fundaci&oacute;n Cabur&eacute;-&iacute;, para monitorear su readaptaci&oacute;n a su ambiente natural y, para su identificaci&oacute;n a distancia, se le colocar&aacute;n anillos en el tarso.<\/p>\n<p>Son alentadores los antecedentes de liberaci&oacute;n de esta especie con ejemplares que estuvieron varios a&ntilde;os en cautiverio y con resultados positivos de adaptaci&oacute;n al medio.<\/p>\n<p>En particular, en la Provincia ya se han realizado liberaciones exitosas de numerosas aves y una pareja de c&oacute;ndores.<\/p>\n<\/body><\/html>\n","protected":false},"excerpt":{"rendered":"El ejemplar cumpli\u00f3 su primera etapa de rehabilitaci\u00f3n en el Programa de Conservaci\u00f3n y Rescate de Aves Rapaces del Ecoparque de la Ciudad de Buenos Aires, donde fue enviada en octubre del a\u00f1o pasado. La especie est\u00e1 en peligro de extinci\u00f3n. ","protected":false},"author":2,"featured_media":78344,"comment_status":"open","ping_status":"open","sticky":false,"template":"","format":"standard","meta":[],"categories":[3],"tags":[],"_links":{"self":[{"href":"https:\/\/www.mendoza.gov.ar\/prensa\/wp-json\/wp\/v2\/posts\/78297"}],"collection":[{"href":"https:\/\/www.mendoza.gov.ar\/prensa\/wp-json\/wp\/v2\/posts"}],"about":[{"href":"https:\/\/www.mendoza.gov.ar\/prensa\/wp-json\/wp\/v2\/types\/post"}],"author":[{"embeddable":true,"href":"https:\/\/www.mendoza.gov.ar\/prensa\/wp-json\/wp\/v2\/users\/2"}],"replies":[{"embeddable":true,"href":"https:\/\/www.mendoza.gov.ar\/prensa\/wp-json\/wp\/v2\/comments?post=78297"}],"version-history":[{"count":0,"href":"https:\/\/www.mendoza.gov.ar\/prensa\/wp-json\/wp\/v2\/posts\/78297\/revisions"}],"wp:featuredmedia":[{"embeddable":true,"href":"https:\/\/www.mendoza.gov.ar\/prensa\/wp-json\/wp\/v2\/media\/78344"}],"wp:attachment":[{"href":"https:\/\/www.mendoza.gov.ar\/prensa\/wp-json\/wp\/v2\/media?parent=78297"}],"wp:term":[{"taxonomy":"category","embeddable":true,"href":"https:\/\/www.mendoza.gov.ar\/prensa\/wp-json\/wp\/v2\/categories?post=78297"},{"taxonomy":"post_tag","embeddable":true,"href":"https:\/\/www.mendoza.gov.ar\/prensa\/wp-json\/wp\/v2\/tags?post=78297"}],"curies":[{"name":"wp","href":"https:\/\/api.w.org\/{rel}","templated":true}]}}