{"id":78313,"date":"2017-01-21T16:09:42","date_gmt":"2017-01-21T19:09:42","guid":{"rendered":"http:\/\/prensa.mendoza.gov.ar\/?p=78313"},"modified":"2017-01-21T16:09:42","modified_gmt":"2017-01-21T19:09:42","slug":"claudia-najul-es-la-nueva-ministra-de-salud","status":"publish","type":"post","link":"https:\/\/www.mendoza.gov.ar\/prensa\/claudia-najul-es-la-nueva-ministra-de-salud\/","title":{"rendered":"Claudia Najul ser\u00e1 la nueva ministra de Salud, Desarrollo Social y Deportes"},"content":{"rendered":"<!DOCTYPE html PUBLIC \"-\/\/W3C\/\/DTD HTML 4.0 Transitional\/\/EN\" \"http:\/\/www.w3.org\/TR\/REC-html40\/loose.dtd\">\n<html><body><p>Este mediod&iacute;a, el Gobernador Alfredo Cornejo present&oacute; a quien ser&aacute; la nueva ministra de Salud, Desarrollo Social y Deportes, Claudia Najul.<\/p>\n<p>Sobre Najul, el mandatario provincial dijo: &ldquo;Claudia es una persona conocida por la opini&oacute;n p&uacute;blica, actualmente preside el bloque de senadores del radicalismo y el interbloque Cambia Mendoza, ha tenido amplios antecedentes en esta tarea, se ha dedicado toda la vida a la salud p&uacute;blica, no ha trabajado en la actividad privada&rdquo;.<\/p>\n<p>&ldquo;Ha sido funcionaria p&uacute;blica durante los gobiernos de Roberto Iglesias y Julio Cobos, tiene una especializaci&oacute;n de econom&iacute;a y administraci&oacute;n de la salud y ha sido integrante del equipo de salud del radicalismo durante muchos a&ntilde;os, nos ha asesorado en 2014 y 2015 y ha coordinado el equipo en la campa&ntilde;a del 2015&rdquo;, agreg&oacute; el Gobernador.<\/p>\n<p>Por otro lado, Alfredo Cornejo asegur&oacute; que el ministerio seguir&aacute; funcionando&nbsp; con el mismo equipo de trabajo. &ldquo;Vamos a seguir con las mismas metas con las que comenzamos la gesti&oacute;n, el cambio de ministro es por un motivo especifico, estoy convencido de que se ven&iacute;an haciendo las cosas bien y que estamos logrando buenos resultados&rdquo;, remarc&oacute; Cornejo.<\/p>\n<p>En este sentido, Claudia Najul asegur&oacute;: &ldquo;Profundizaremos el trabajo que se ha realizado en este a&ntilde;o de gesti&oacute;n, el cual propusimos durante la campa&ntilde;a, y continuaremos con los mismos lineamientos&rdquo;.<\/p>\n<p><a href=\"https:\/\/www.mendoza.gov.ar\/prensa\/wp-content\/uploads\/sites\/23\/234.jpg\"><img loading=\"lazy\" class=\"alignnone wp-image-78318 img-responsive center-block\" src=\"https:\/\/www.mendoza.gov.ar\/prensa\/wp-content\/uploads\/sites\/23\/234.jpg\" alt=\"\" width=\"650\" height=\"432\"><\/a><\/p>\n<p><strong>Medidas contra la violencia de g&eacute;nero<\/strong><\/p>\n<p>Claudia Najul explic&oacute;: &ldquo;Vamos a seguir trabajando en el &aacute;rea de la mujer.Lo que se ha hecho hasta el momento est&aacute; muy bien.&nbsp;Antes no ten&iacute;a ni presupuesto y ya se han destinado 27 millones de pesos con descentralizaci&oacute;n a los municipios para dar respuesta de forma inmediata a las v&iacute;ctimas&rdquo;.<\/p>\n<p>&ldquo;Vamos a profundizar la asistencia a la v&iacute;ctima, la promoci&oacute;n, prevenci&oacute;n y el trabajo interjurisdiccional. Ac&aacute; es importante el trabajo en conjunto con la Justicia y el Ministerio de Seguridad tambi&eacute;n&rdquo;, finaliz&oacute; la profesional de la salud.<\/p>\n<p><strong>CV Claudia Najul &ndash; Ministra de Salud, Desarrollo Social y Deportes<\/strong><\/p>\n<p><a href=\"https:\/\/www.mendoza.gov.ar\/prensa\/wp-content\/uploads\/sites\/23\/313.jpg\"><img loading=\"lazy\" class=\"alignnone wp-image-78317 img-responsive center-block\" src=\"https:\/\/www.mendoza.gov.ar\/prensa\/wp-content\/uploads\/sites\/23\/313.jpg\" alt=\"\" width=\"650\" height=\"432\"><\/a><\/p>\n<ul>\n<li>54 a&ntilde;os.<\/li>\n<li>3 hijos.<\/li>\n<li>Farmac&eacute;utica, egresada de la Universidad Maza. Especializada en Administraci&oacute;n de Salud en la UNCuyo, con un posgrado en Econom&iacute;a y Gesti&oacute;n del Sistema de Salud.<\/li>\n<li>El primer cargo que ocup&oacute; fue como asesora de Salud de la Municipalidad de Capital.<\/li>\n<li>Fue jefa de Farmacia en el Hospital Lagomaggiore.<\/li>\n<li>Durante la gesti&oacute;n de Roberto Iglesias como gobernador, fue directora de Farmacolog&iacute;a del Ministerio de Salud.<\/li>\n<li>En el gobierno de Julio Cobos se desempe&ntilde;&oacute; como directora de la Direcci&oacute;n de Planificaci&oacute;n y Aseguramiento del Servicio de Salud del Ministerio de Salud.<\/li>\n<li>Asumi&oacute; como senadora provincial en 2014, cargo en el que se desempe&ntilde;&oacute; hasta hoy. Tambi&eacute;n cumpli&oacute; funciones como presidenta del Bloque Senadores UCR Mendoza y de la Comisi&oacute;n de G&eacute;nero en el Senado.<\/li>\n<\/ul>\n<\/body><\/html>\n","protected":false},"excerpt":{"rendered":"La present\u00f3 este mediod\u00eda en conferencia de prensa el Gobernador Alfredo Cornejo. La futura ministra tiene experiencia en el \u00e1rea, ya que fue funcionaria en gestiones anteriores del radicalismo.","protected":false},"author":2,"featured_media":78316,"comment_status":"open","ping_status":"open","sticky":false,"template":"","format":"standard","meta":[],"categories":[19],"tags":[],"_links":{"self":[{"href":"https:\/\/www.mendoza.gov.ar\/prensa\/wp-json\/wp\/v2\/posts\/78313"}],"collection":[{"href":"https:\/\/www.mendoza.gov.ar\/prensa\/wp-json\/wp\/v2\/posts"}],"about":[{"href":"https:\/\/www.mendoza.gov.ar\/prensa\/wp-json\/wp\/v2\/types\/post"}],"author":[{"embeddable":true,"href":"https:\/\/www.mendoza.gov.ar\/prensa\/wp-json\/wp\/v2\/users\/2"}],"replies":[{"embeddable":true,"href":"https:\/\/www.mendoza.gov.ar\/prensa\/wp-json\/wp\/v2\/comments?post=78313"}],"version-history":[{"count":0,"href":"https:\/\/www.mendoza.gov.ar\/prensa\/wp-json\/wp\/v2\/posts\/78313\/revisions"}],"wp:featuredmedia":[{"embeddable":true,"href":"https:\/\/www.mendoza.gov.ar\/prensa\/wp-json\/wp\/v2\/media\/78316"}],"wp:attachment":[{"href":"https:\/\/www.mendoza.gov.ar\/prensa\/wp-json\/wp\/v2\/media?parent=78313"}],"wp:term":[{"taxonomy":"category","embeddable":true,"href":"https:\/\/www.mendoza.gov.ar\/prensa\/wp-json\/wp\/v2\/categories?post=78313"},{"taxonomy":"post_tag","embeddable":true,"href":"https:\/\/www.mendoza.gov.ar\/prensa\/wp-json\/wp\/v2\/tags?post=78313"}],"curies":[{"name":"wp","href":"https:\/\/api.w.org\/{rel}","templated":true}]}}