{"id":78347,"date":"2017-01-23T09:00:10","date_gmt":"2017-01-23T12:00:10","guid":{"rendered":"http:\/\/prensa.mendoza.gov.ar\/?p=78347"},"modified":"2017-01-23T09:00:10","modified_gmt":"2017-01-23T12:00:10","slug":"mauricio-macri-celebrara-el-bicentenario-del-cruce-de-los-andes-en-mendoza","status":"publish","type":"post","link":"https:\/\/www.mendoza.gov.ar\/prensa\/mauricio-macri-celebrara-el-bicentenario-del-cruce-de-los-andes-en-mendoza\/","title":{"rendered":"Mauricio Macri celebrar\u00e1 el Bicentenario del Cruce de los Andes en Mendoza"},"content":{"rendered":"<!DOCTYPE html PUBLIC \"-\/\/W3C\/\/DTD HTML 4.0 Transitional\/\/EN\" \"http:\/\/www.w3.org\/TR\/REC-html40\/loose.dtd\">\n<html><body><p>El mandatario arribar&aacute; desde el renovado aeropuerto, y junto al Gobernador se trasladar&aacute;n al Campo Hist&oacute;rico El Plumerillo, un lugar totalmente remozado. Una estampa de pueblo cuyano, representada por 30 actores, lo recibir&aacute; formando un pasillo central.<\/p>\n<p>Desde all&iacute; recorrer&aacute; las hist&oacute;ricas barracas y un grupo de 70 artistas recrear&aacute;n la cotidianeidad de ese pueblo donde se forj&oacute; el Ej&eacute;rcito de los Andes, en la &eacute;poca de San Mart&iacute;n. Macri transitar&aacute; entre escenas de estampas de cocina de &eacute;poca, zonas de fragua, de armer&iacute;a, lavander&iacute;a y te&ntilde;ido de telas de uniformes, entre otros sectores vitales para la preparaci&oacute;n del Ej&eacute;rcito. Luego se &ldquo;encontrar&aacute;&rdquo; con San Mart&iacute;n escribiendo una de sus tantas cartas en una barraca. Junto al actor que representar&aacute; al Libertador, estar&aacute; la imagen de la virgen del Carmen de Cuyo, patrona y generala del Ej&eacute;rcito de los Andes.<\/p>\n<p>Un palco, flanqueado por divisiones del Ej&eacute;rcito y una banda musical esperar&aacute;n al Presidente&nbsp;junto a 300 invitados. La llama&nbsp;eterna, cinco banderas y un friso art&iacute;stico &ndash;con 10 pasajes de la vida de San Mart&iacute;n en Mendoza&ndash; enmarcar&aacute;n la zona del acto oficial.<\/p>\n<p>Interpretados por la banda Talcahuano, los himnos de Chile, Per&uacute;, Argentina y el <em>Himno al General San Mart&iacute;n<\/em> anteceder&aacute;n la entrega de la ofrenda de laureles por parte del Presidente y el homenaje a los ca&iacute;dos en la guerra, mediante un minuto de silencio.<\/p>\n<p>Un momento destacado del acto ser&aacute; cuando el Presidente rendir&aacute; homenaje a la Bandera de la Provincia.&nbsp;Este momento resultar&aacute; muy especial y fundamentalmente simb&oacute;lico. En total, habr&aacute; cinco banderas protocolares: Mendoza, Argentina, Chile, Per&uacute; y la Bandera del Ej&eacute;rcito de los Andes.<\/p>\n<p>El Presidente Mauricio Macri ser&aacute; el principal orador y lo anteceder&aacute;n el intendente de Las Heras, Daniel Orozco, y el Gobernador Alfredo Cornejo. De inmediato, 11 jinetes se acercar&aacute;n hasta el jefe del Ejecutivo nacional para solicitar su autorizaci&oacute;n antes de cruzar los Andes junto a otras 160 personas.<\/p>\n<p>El desfile plasmar&aacute; la alegr&iacute;a del pueblo de Las Heras ante la partida de la columna del Ej&eacute;rcito Libertador.<\/p>\n<p>El Campo Hist&oacute;rico El Plumerillo est&aacute; situado en Independencia y Lisandro Moyano de Las Heras. El portal de este sitio sanmartiniano estar&aacute; &ldquo;vestido&rdquo; con pendones y cucardas de una&nbsp;campa&ntilde;a de valores inspirada en el esp&iacute;ritu sanmartiniano impulsada por la Provincia desde mediados del a&ntilde;o pasado.<\/p>\n<\/body><\/html>\n","protected":false},"excerpt":{"rendered":"Este martes llegar\u00e1 a la provincia para participar en el acto que se realizar\u00e1 por la gesta de San Mart\u00edn.","protected":false},"author":2,"featured_media":78349,"comment_status":"open","ping_status":"open","sticky":false,"template":"","format":"standard","meta":[],"categories":[19],"tags":[],"_links":{"self":[{"href":"https:\/\/www.mendoza.gov.ar\/prensa\/wp-json\/wp\/v2\/posts\/78347"}],"collection":[{"href":"https:\/\/www.mendoza.gov.ar\/prensa\/wp-json\/wp\/v2\/posts"}],"about":[{"href":"https:\/\/www.mendoza.gov.ar\/prensa\/wp-json\/wp\/v2\/types\/post"}],"author":[{"embeddable":true,"href":"https:\/\/www.mendoza.gov.ar\/prensa\/wp-json\/wp\/v2\/users\/2"}],"replies":[{"embeddable":true,"href":"https:\/\/www.mendoza.gov.ar\/prensa\/wp-json\/wp\/v2\/comments?post=78347"}],"version-history":[{"count":0,"href":"https:\/\/www.mendoza.gov.ar\/prensa\/wp-json\/wp\/v2\/posts\/78347\/revisions"}],"wp:featuredmedia":[{"embeddable":true,"href":"https:\/\/www.mendoza.gov.ar\/prensa\/wp-json\/wp\/v2\/media\/78349"}],"wp:attachment":[{"href":"https:\/\/www.mendoza.gov.ar\/prensa\/wp-json\/wp\/v2\/media?parent=78347"}],"wp:term":[{"taxonomy":"category","embeddable":true,"href":"https:\/\/www.mendoza.gov.ar\/prensa\/wp-json\/wp\/v2\/categories?post=78347"},{"taxonomy":"post_tag","embeddable":true,"href":"https:\/\/www.mendoza.gov.ar\/prensa\/wp-json\/wp\/v2\/tags?post=78347"}],"curies":[{"name":"wp","href":"https:\/\/api.w.org\/{rel}","templated":true}]}}