{"id":78388,"date":"2017-01-23T15:30:05","date_gmt":"2017-01-23T18:30:05","guid":{"rendered":"http:\/\/prensa.mendoza.gov.ar\/?p=78388"},"modified":"2017-01-23T15:30:05","modified_gmt":"2017-01-23T18:30:05","slug":"puesta-en-valor-del-parque-avanzan-los-trabajos-de-reforestacion","status":"publish","type":"post","link":"https:\/\/www.mendoza.gov.ar\/prensa\/puesta-en-valor-del-parque-avanzan-los-trabajos-de-reforestacion\/","title":{"rendered":"Puesta en valor del Parque: avanzan los trabajos de reforestaci\u00f3n"},"content":{"rendered":"<!DOCTYPE html PUBLIC \"-\/\/W3C\/\/DTD HTML 4.0 Transitional\/\/EN\" \"http:\/\/www.w3.org\/TR\/REC-html40\/loose.dtd\">\n<html><body><p>Durante la ma&ntilde;ana, el secretario de Ambiente y Ordenamiento Territorial, Humberto Mingorance, junto al director de Parques y Espacios P&uacute;blicos, Ricardo Mariotti, supervisaron los trabajos de erradicaci&oacute;n de &aacute;rboles secos y enfermos del parque General San Mart&iacute;n y el actual paseo Ecoparque.<\/p>\n<p>Este trabajo es uno de los primeros contemplados en el plan para la puesta en valor al principal pulm&oacute;n verde de la provincia.<\/p>\n<p>Actualmente, en el predio existen ejemplares que se han secado por diversos factores, en su gran mayor&iacute;a por haber cumplido con su ciclo de vida. La tarea de erradicaci&oacute;n se hace necesaria para garantizar la seguridad de los paseantes.<\/p>\n<p>El trabajo abarca 715 forestales pertenecientes a 25 especies vegetales, entre los que se destacan olmos, &aacute;lamos, eucaliptus, aguaribayes, entre otros, ubicados en calles, paseos, prados y bosques del Parque General San Mart&iacute;n, como tambi&eacute;n en el interior del Ecoparque. Posteriormente, se replantar&aacute;n el doble de la cantidad que se erradique.<\/p>\n<p>Se ha previsto que la tarea se desarrollar&aacute; en &nbsp;150 d&iacute;as h&aacute;biles (cinco meses), bajo la supervisi&oacute;n de la Direcci&oacute;n de Recursos Naturales Renovables. En total, el parque tiene m&aacute;s de 20.000 &aacute;rboles.<\/p>\n<p><a href=\"https:\/\/www.mendoza.gov.ar\/prensa\/wp-content\/uploads\/sites\/23\/mingorance3.jpg\"><img loading=\"lazy\" class=\"alignnone wp-image-78389 img-responsive center-block\" src=\"https:\/\/www.mendoza.gov.ar\/prensa\/wp-content\/uploads\/sites\/23\/mingorance3.jpg\" alt=\"\" width=\"350\" height=\"197\"><\/a><\/p>\n<p>&ldquo;El principal objetivo de este trabajo es garantizar m&aacute;s y mejor seguridad a los paseantes, ya que hay muchos &aacute;rboles secos que son peligrosos ante fuertes r&aacute;fagas de viento. Es una tarea que hace muchos a&ntilde;os no se hac&iacute;a y queremos volver a poner en valor este paseo que es una de las principales postales de nuestra provincia&rdquo;, coment&oacute; el secretario de Ambiente, Humberto Mingorance.<\/p>\n<p>En referencia a los nuevos ejemplares en el predio, el director de Parques y Espacios P&uacute;blicos, Ricardo Mariotti, coment&oacute;: &ldquo;Vamos a replantar el doble de ejemplares que erradiquemos, pero para eso estamos terminando de elaborar un plan estrat&eacute;gico en donde no se vuelva a cometer el error de plantar &aacute;rboles en cualquier espacio que contamine la vista de ciertos predios y el casco hist&oacute;rico&rdquo;.<\/p>\n<p>&nbsp;<\/p>\n<p>&nbsp;<\/p>\n<\/body><\/html>\n","protected":false},"excerpt":{"rendered":"El secretario de Ambiente y Ordenamiento Territorial, Humberto Mingorance, recorri\u00f3 hoy el parque General San Mart\u00edn y evalu\u00f3 la marcha de los trabajos de erradicaci\u00f3n de los  \u00e1rboles secos y enfermos del paseo. La tarea se completar\u00e1 con la plantaci\u00f3n del doble de forestales que se quiten. ","protected":false},"author":2,"featured_media":78390,"comment_status":"open","ping_status":"open","sticky":false,"template":"","format":"standard","meta":[],"categories":[3],"tags":[],"_links":{"self":[{"href":"https:\/\/www.mendoza.gov.ar\/prensa\/wp-json\/wp\/v2\/posts\/78388"}],"collection":[{"href":"https:\/\/www.mendoza.gov.ar\/prensa\/wp-json\/wp\/v2\/posts"}],"about":[{"href":"https:\/\/www.mendoza.gov.ar\/prensa\/wp-json\/wp\/v2\/types\/post"}],"author":[{"embeddable":true,"href":"https:\/\/www.mendoza.gov.ar\/prensa\/wp-json\/wp\/v2\/users\/2"}],"replies":[{"embeddable":true,"href":"https:\/\/www.mendoza.gov.ar\/prensa\/wp-json\/wp\/v2\/comments?post=78388"}],"version-history":[{"count":0,"href":"https:\/\/www.mendoza.gov.ar\/prensa\/wp-json\/wp\/v2\/posts\/78388\/revisions"}],"wp:featuredmedia":[{"embeddable":true,"href":"https:\/\/www.mendoza.gov.ar\/prensa\/wp-json\/wp\/v2\/media\/78390"}],"wp:attachment":[{"href":"https:\/\/www.mendoza.gov.ar\/prensa\/wp-json\/wp\/v2\/media?parent=78388"}],"wp:term":[{"taxonomy":"category","embeddable":true,"href":"https:\/\/www.mendoza.gov.ar\/prensa\/wp-json\/wp\/v2\/categories?post=78388"},{"taxonomy":"post_tag","embeddable":true,"href":"https:\/\/www.mendoza.gov.ar\/prensa\/wp-json\/wp\/v2\/tags?post=78388"}],"curies":[{"name":"wp","href":"https:\/\/api.w.org\/{rel}","templated":true}]}}