{"id":78479,"date":"2017-01-24T12:31:56","date_gmt":"2017-01-24T15:31:56","guid":{"rendered":"http:\/\/prensa.mendoza.gov.ar\/?p=78479"},"modified":"2017-01-24T12:31:56","modified_gmt":"2017-01-24T15:31:56","slug":"mendoza-trabajara-por-la-promocion-de-los-frutos-secos","status":"publish","type":"post","link":"https:\/\/www.mendoza.gov.ar\/prensa\/mendoza-trabajara-por-la-promocion-de-los-frutos-secos\/","title":{"rendered":"Mendoza trabajar\u00e1 por la promoci\u00f3n de los frutos secos"},"content":{"rendered":"<!DOCTYPE html PUBLIC \"-\/\/W3C\/\/DTD HTML 4.0 Transitional\/\/EN\" \"http:\/\/www.w3.org\/TR\/REC-html40\/loose.dtd\">\n<html><body><p>La promoci&oacute;n de los frutos secos fue el eje de la reuni&oacute;n que sostuvieron integrantes del programa 365 Tentaciones, Ministerio de Econom&iacute;a, Infraestructura y Energ&iacute;a y del Cl&uacute;ster de Frutos Secos. Estuvieron presentes Federico Morabito y Soledad Andreu, por el cl&uacute;ster, y Adriana Mu&ntilde;iz, por 365 Tentaciones.<\/p>\n<p>En el encuentro se analizaron acciones para la puesta en valor de la nuez, almendra y pistacho en la Vendimia 2017. Tambi&eacute;n se avanz&oacute; sobre la organizaci&oacute;n de una actividad en el Valle de Uco para la puesta en valor de estos productos a trav&eacute;s de presentaciones gastron&oacute;micas y art&iacute;sticas.<\/p>\n<p>El trazado de una Ruta de los Frutos Secos para posicionar tur&iacute;sticamente el sector fue otro de los puntos en agenda, as&iacute; como la participaci&oacute;n en ferias gastron&oacute;micas a nivel nacional, donde se llega con el producto a miles de potenciales consumidores.<\/p>\n<p><strong>Datos de producci&oacute;n <\/strong><\/p>\n<p>La producci&oacute;n de frutos secos, fundamentalmente nogales y almendros, se ubica en los cuatro oasis mendocinos. Los nogales, con una superficie que supera las 3.200 ha, se sit&uacute;an sobre todo en el Valle de Uco.<\/p>\n<p>Mendoza es la primera productora de almendros del pa&iacute;s, con alrededor de 2.000 ha. Las plantaciones se encuentran en los oasis Norte y Este. A estas producciones se suma el pistacho, con cerca de 30 ha, seg&uacute;n datos del Instituto de Desarrollo Rural (IDR)<\/p>\n<p>Los frutos secos son alimentos muy saludables, con alto valor nutritivo.&nbsp;Tienen, prote&iacute;nas, minerales y vitaminas y aportan energ&iacute;a al organismo.<\/p>\n<p>Ricos en fibras, ayudan al tr&aacute;nsito intestinal y aumentan las defensas. Est&aacute;n recomendados para toda edad, especialmente cuando se realizan grandes esfuerzos f&iacute;sicos y mentales.<\/p>\n<p><strong>&nbsp;<\/strong><\/p>\n<\/body><\/html>\n","protected":false},"excerpt":{"rendered":"Esta semana se realiz\u00f3 un encuentro donde se analizaron acciones para la puesta en valor de la nuez, la almendra y el pistacho en la Vendimia 2017. Tambi\u00e9n se avanz\u00f3 sobre la organizaci\u00f3n de una actividad en el Valle de Uco para impulsar estos productos con presentaciones gastron\u00f3micas y art\u00edsticas.","protected":false},"author":2,"featured_media":78481,"comment_status":"open","ping_status":"open","sticky":false,"template":"","format":"standard","meta":[],"categories":[1],"tags":[],"_links":{"self":[{"href":"https:\/\/www.mendoza.gov.ar\/prensa\/wp-json\/wp\/v2\/posts\/78479"}],"collection":[{"href":"https:\/\/www.mendoza.gov.ar\/prensa\/wp-json\/wp\/v2\/posts"}],"about":[{"href":"https:\/\/www.mendoza.gov.ar\/prensa\/wp-json\/wp\/v2\/types\/post"}],"author":[{"embeddable":true,"href":"https:\/\/www.mendoza.gov.ar\/prensa\/wp-json\/wp\/v2\/users\/2"}],"replies":[{"embeddable":true,"href":"https:\/\/www.mendoza.gov.ar\/prensa\/wp-json\/wp\/v2\/comments?post=78479"}],"version-history":[{"count":0,"href":"https:\/\/www.mendoza.gov.ar\/prensa\/wp-json\/wp\/v2\/posts\/78479\/revisions"}],"wp:featuredmedia":[{"embeddable":true,"href":"https:\/\/www.mendoza.gov.ar\/prensa\/wp-json\/wp\/v2\/media\/78481"}],"wp:attachment":[{"href":"https:\/\/www.mendoza.gov.ar\/prensa\/wp-json\/wp\/v2\/media?parent=78479"}],"wp:term":[{"taxonomy":"category","embeddable":true,"href":"https:\/\/www.mendoza.gov.ar\/prensa\/wp-json\/wp\/v2\/categories?post=78479"},{"taxonomy":"post_tag","embeddable":true,"href":"https:\/\/www.mendoza.gov.ar\/prensa\/wp-json\/wp\/v2\/tags?post=78479"}],"curies":[{"name":"wp","href":"https:\/\/api.w.org\/{rel}","templated":true}]}}