{"id":78558,"date":"2017-01-24T20:27:58","date_gmt":"2017-01-24T23:27:58","guid":{"rendered":"http:\/\/prensa.mendoza.gov.ar\/?p=78558"},"modified":"2017-01-24T20:27:58","modified_gmt":"2017-01-24T23:27:58","slug":"macri-y-cornejo-revivieron-momentos-de-la-gesta-libertadora","status":"publish","type":"post","link":"https:\/\/www.mendoza.gov.ar\/prensa\/macri-y-cornejo-revivieron-momentos-de-la-gesta-libertadora\/","title":{"rendered":"Macri y Cornejo revivieron momentos de la Gesta Libertadora"},"content":{"rendered":"<!DOCTYPE html PUBLIC \"-\/\/W3C\/\/DTD HTML 4.0 Transitional\/\/EN\" \"http:\/\/www.w3.org\/TR\/REC-html40\/loose.dtd\">\n<html><body><p>El Presidente Mauricio Macri lleg&oacute; al Campo Hist&oacute;rico junto al Gobernador Alfredo Cornejo. Acompa&ntilde;adas por la vicepresidenta, Gabriela Michetti; la vicegobernadora, Laura Montero; el gobernador de San Juan, Sergio U&ntilde;ac; el intendente de Las Heras, Daniel Orozco, y el director del Bicentenario de Las Heras, Luciano Romero, las autoridades revivieron algunos momentos de la Gesta Libertadora. La actividad se dio en el marco de los festejos por el Bicentenario del Cruce de los Andes.<\/p>\n<p><a href=\"https:\/\/www.mendoza.gov.ar\/prensa\/wp-content\/uploads\/sites\/23\/1-DSC_0197-1.jpg\"><img loading=\"lazy\" class=\"alignnone wp-image-78561 img-responsive center-block\" src=\"https:\/\/www.mendoza.gov.ar\/prensa\/wp-content\/uploads\/sites\/23\/1-DSC_0197-1.jpg\" alt=\"\" width=\"650\" height=\"433\"><\/a><\/p>\n<p>Mientras Romero les indicaba cada detalle simb&oacute;lico del lugar, especialmente armado para la ocasi&oacute;n, cerca de 30 actores los recibieron formando un pasillo central. Luego, los mandatarios recorrieron las hist&oacute;ricas barracas, para ver&nbsp;a unos 70 artistas que rememoraron la cotidianidad del pueblo donde se forj&oacute; el&nbsp;Ej&eacute;rcito de los Andes.<\/p>\n<p>Adem&aacute;s, se recre&oacute; un encuentro con San Mart&iacute;n, quien en la oportunidad fue personificado por&nbsp;el actor mendocino Rub&eacute;n Scatare. Tambi&eacute;n se pudo ver la imagen de la Virgen del Carmen de Cuyo, patrona y generala del Ej&eacute;rcito de los Andes.<\/p>\n<p><a href=\"https:\/\/www.mendoza.gov.ar\/prensa\/wp-content\/uploads\/sites\/23\/1-DSC_0199.jpg\"><img loading=\"lazy\" class=\"alignnone wp-image-78562 img-responsive center-block\" src=\"https:\/\/www.mendoza.gov.ar\/prensa\/wp-content\/uploads\/sites\/23\/1-DSC_0199.jpg\" alt=\"\" width=\"650\" height=\"433\"><\/a><\/p>\n<p>La banda Talcahuano interpret&oacute; los himnos de Chile, Per&uacute;, Argentina y el <em>Himno al&nbsp;General San Mart&iacute;n.<\/em>&nbsp; Posteriormente, el Presidente entreg&oacute; una ofrenda de laureles en homenaje a los ca&iacute;dos en la guerra. Para finalizar esta primera parte del acto oficial, se rindi&oacute; homenaje a la&nbsp;Bandera de la Provincia junto a otras cinco banderas protocolares, pertenecientes a Mendoza, Argentina, Chile, Per&uacute; y la que represent&oacute; al Ej&eacute;rcito de los Andes.<\/p>\n<\/body><\/html>\n","protected":false},"excerpt":{"rendered":"El Gobernador recibi\u00f3 al Presidente en el aeropuerto y juntos se trasladaron al Campo Hist\u00f3rico El Plumerillo. En el lugar los mandatarios participaron en una recreaci\u00f3n de la cotidianeidad del pueblo donde se forj\u00f3 el Ej\u00e9rcito de los Andes. ","protected":false},"author":2,"featured_media":78559,"comment_status":"open","ping_status":"open","sticky":false,"template":"","format":"standard","meta":[],"categories":[19],"tags":[],"_links":{"self":[{"href":"https:\/\/www.mendoza.gov.ar\/prensa\/wp-json\/wp\/v2\/posts\/78558"}],"collection":[{"href":"https:\/\/www.mendoza.gov.ar\/prensa\/wp-json\/wp\/v2\/posts"}],"about":[{"href":"https:\/\/www.mendoza.gov.ar\/prensa\/wp-json\/wp\/v2\/types\/post"}],"author":[{"embeddable":true,"href":"https:\/\/www.mendoza.gov.ar\/prensa\/wp-json\/wp\/v2\/users\/2"}],"replies":[{"embeddable":true,"href":"https:\/\/www.mendoza.gov.ar\/prensa\/wp-json\/wp\/v2\/comments?post=78558"}],"version-history":[{"count":0,"href":"https:\/\/www.mendoza.gov.ar\/prensa\/wp-json\/wp\/v2\/posts\/78558\/revisions"}],"wp:featuredmedia":[{"embeddable":true,"href":"https:\/\/www.mendoza.gov.ar\/prensa\/wp-json\/wp\/v2\/media\/78559"}],"wp:attachment":[{"href":"https:\/\/www.mendoza.gov.ar\/prensa\/wp-json\/wp\/v2\/media?parent=78558"}],"wp:term":[{"taxonomy":"category","embeddable":true,"href":"https:\/\/www.mendoza.gov.ar\/prensa\/wp-json\/wp\/v2\/categories?post=78558"},{"taxonomy":"post_tag","embeddable":true,"href":"https:\/\/www.mendoza.gov.ar\/prensa\/wp-json\/wp\/v2\/tags?post=78558"}],"curies":[{"name":"wp","href":"https:\/\/api.w.org\/{rel}","templated":true}]}}