{"id":78673,"date":"2017-01-26T10:28:22","date_gmt":"2017-01-26T13:28:22","guid":{"rendered":"http:\/\/prensa.mendoza.gov.ar\/?p=78673"},"modified":"2017-01-26T10:28:22","modified_gmt":"2017-01-26T13:28:22","slug":"mendoza-pone-enfasis-en-la-educacion-ambiental","status":"publish","type":"post","link":"https:\/\/www.mendoza.gov.ar\/prensa\/mendoza-pone-enfasis-en-la-educacion-ambiental\/","title":{"rendered":"Mendoza pone \u00e9nfasis en la educaci\u00f3n ambiental"},"content":{"rendered":"<!DOCTYPE html PUBLIC \"-\/\/W3C\/\/DTD HTML 4.0 Transitional\/\/EN\" \"http:\/\/www.w3.org\/TR\/REC-html40\/loose.dtd\">\n<html><body><p style=\"text-align: justify\">La educaci&oacute;n ambiental ha sido uno de los pilares de la gesti&oacute;n de la Secretar&iacute;a de Ambiente y Ordenamiento Territorial, que -a trav&eacute;s de la Direcci&oacute;n de Recursos Naturales Renovables- en 2016 permiti&oacute; que m&aacute;s de 4334 mendocinos de toda la provincia recibieran capacitaci&oacute;n en un amplia gama de temas vinculados a la ecolog&iacute;a local y problem&aacute;ticas espec&iacute;ficas para distintas necesidades.<\/p>\n<p style=\"text-align: justify\">Se efectuaron jornadas de capacitaci&oacute;n y transferencia educativa a docentes y alumnos de todos los niveles. Tambi&eacute;n se llevaron adelante acciones de divulgaci&oacute;n para personal de diversos organismos gubernamentales como el Iscamen, la Direcci&oacute;n General de Escuelas, guardaparques de la Direcci&oacute;n de Recursos Naturales Renovables, la Polic&iacute;a de Seguridad Rural, como as&iacute; tambi&eacute;n del sector privado: Aconcagua Moto Club para el Campeonato Argentino de Enduro o la Escuela Internacional de Turismo, Hoteler&iacute;a y Gastronom&iacute;a &ldquo;Islas Malvinas&rdquo;.<\/p>\n<p style=\"text-align: justify\">Dado que el 2017 fue declarado por la Naci&oacute;n como &ldquo;A&ntilde;o Internacional del Turismo Sostenible para el Desarrollo&rdquo;,&nbsp; la Secretar&iacute;a de Ambiente y Ordenamiento Territorial &ndash;a trav&eacute;s del departamento de&nbsp;Educaci&oacute;n Ambiental y las &Aacute;reas Naturales Protegidas- prev&eacute; articular acciones enfoc&aacute;ndose en el desarrollo regional de las econom&iacute;as basadas en las producciones regionales y el turismo accesible y sustentable. En este sentido, la educaci&oacute;n ambiental ser&aacute; un eje decisivo para la gesti&oacute;n anual de Ambiente, como lo fue el a&ntilde;o pasado.<\/p>\n<p style=\"text-align: justify\"><strong>Otras acciones educativas<\/strong><\/p>\n<p style=\"text-align: justify\">La gesti&oacute;n educativa tambi&eacute;n comprendi&oacute; contenidos para web, con generaci&oacute;n de secuencias did&aacute;cticas y material de apoyo escolar, hoy disponible en el sitio oficial de la Direcci&oacute;n General de Escuelas. Asimismo se produjeron fasc&iacute;culos de educaci&oacute;n ambiental y un manual de bosque nativo para escuelas albergues-rurales.<\/p>\n<p style=\"text-align: justify\">Se llevaron a cabo una serie de capacitaciones profesionales como el curso de guardapescas Malarg&uuml;e, o la serie de cursos de inspectores ad- honorem o cursos de certificaci&oacute;n para la validaci&oacute;n de conducci&oacute;n de veh&iacute;culos todo terreno. &nbsp;Y se realizaron acciones educativas de flora local, como la producci&oacute;n de 300 bombas de semillas de forestales de tres especies aut&oacute;ctonas o como la jornada conmemorativa de la flor provincial de jarilla en la que se puso en valor el estado de conservaci&oacute;n de las jarillas, sus usos, su cultivo y la alternativa de su uso como xero-jardiner&iacute;a y paisajismo. Y en el tema fauna, mediante el Programa de Conservaci&oacute;n C&oacute;ndor Andino -junto a Fundaci&oacute;n Bioandina- se realizaron campa&ntilde;as educativas en escuelas de Uspallata y del Valle de Potrerillos, entre otras variadas actividades.<\/p>\n<p style=\"text-align: justify\"><strong>Enfoque interinstitucional de Educaci&oacute;n Ambiental<\/strong><\/p>\n<p style=\"text-align: justify\">La Secretar&iacute;a de Ambiente y Ordenamiento Territorial conforma la Mesa Provincial de Educaci&oacute;n Ambiental facilitando espacios de di&aacute;logo, reflexi&oacute;n y aprendizaje, articulando con diversas organizaciones y visibilizando experiencias educativas concretas en &aacute;mbitos formales y no formales, consolid&aacute;ndolas en lineamientos de pol&iacute;ticas p&uacute;blicas para la provincia.<\/p>\n<p style=\"text-align: justify\">Esta mesa est&aacute; integrada por: Instituto Nacional de Agua; Departamento General de Irrigaci&oacute;n; Universidad Tecnol&oacute;gica Nacional, Instituto Argentino de Nivolog&iacute;a y Glaciolog&iacute;a; Fundaci&oacute;n Coloba; Municipalidad de Luj&aacute;n de Cuyo; Municipalidad de Godoy Cruz; Grupo de Espeleolog&iacute;a de Mendoza; Direcci&oacute;n de Recursos Naturales Renovables; Instituto de Educaci&oacute;n F&iacute;sica; Facultad de Ciencias Naturales y Exactas -UNCuyo-; Facultad de Educaci&oacute;n Elemental y Especial -UNCuyo- e Instituto Multidisciplinario de Ciencias Ambientales de la UNCuyo.<\/p>\n<p style=\"text-align: justify\">\n<\/p><\/body><\/html>\n","protected":false},"excerpt":{"rendered":"El 26 de enero se festeja el \u201cD\u00eda Mundial de la Educaci\u00f3n Ambiental\u201d. En este contexto, durante el 2016, m\u00e1s de 4334 mendocinos recibieron capacitaci\u00f3n en temas vinculados a la ecolog\u00eda local y problem\u00e1ticas espec\u00edficas para distintas necesidades.   ","protected":false},"author":2,"featured_media":78674,"comment_status":"open","ping_status":"open","sticky":false,"template":"","format":"standard","meta":[],"categories":[3],"tags":[],"_links":{"self":[{"href":"https:\/\/www.mendoza.gov.ar\/prensa\/wp-json\/wp\/v2\/posts\/78673"}],"collection":[{"href":"https:\/\/www.mendoza.gov.ar\/prensa\/wp-json\/wp\/v2\/posts"}],"about":[{"href":"https:\/\/www.mendoza.gov.ar\/prensa\/wp-json\/wp\/v2\/types\/post"}],"author":[{"embeddable":true,"href":"https:\/\/www.mendoza.gov.ar\/prensa\/wp-json\/wp\/v2\/users\/2"}],"replies":[{"embeddable":true,"href":"https:\/\/www.mendoza.gov.ar\/prensa\/wp-json\/wp\/v2\/comments?post=78673"}],"version-history":[{"count":0,"href":"https:\/\/www.mendoza.gov.ar\/prensa\/wp-json\/wp\/v2\/posts\/78673\/revisions"}],"wp:featuredmedia":[{"embeddable":true,"href":"https:\/\/www.mendoza.gov.ar\/prensa\/wp-json\/wp\/v2\/media\/78674"}],"wp:attachment":[{"href":"https:\/\/www.mendoza.gov.ar\/prensa\/wp-json\/wp\/v2\/media?parent=78673"}],"wp:term":[{"taxonomy":"category","embeddable":true,"href":"https:\/\/www.mendoza.gov.ar\/prensa\/wp-json\/wp\/v2\/categories?post=78673"},{"taxonomy":"post_tag","embeddable":true,"href":"https:\/\/www.mendoza.gov.ar\/prensa\/wp-json\/wp\/v2\/tags?post=78673"}],"curies":[{"name":"wp","href":"https:\/\/api.w.org\/{rel}","templated":true}]}}