{"id":78690,"date":"2017-01-26T11:24:40","date_gmt":"2017-01-26T14:24:40","guid":{"rendered":"http:\/\/prensa.mendoza.gov.ar\/?p=78690"},"modified":"2017-01-26T11:24:40","modified_gmt":"2017-01-26T14:24:40","slug":"lanzaran-un-programa-sobre-buenos-habitos-alimentarios","status":"publish","type":"post","link":"https:\/\/www.mendoza.gov.ar\/prensa\/lanzaran-un-programa-sobre-buenos-habitos-alimentarios\/","title":{"rendered":"Lanzar\u00e1n un programa sobre buenos h\u00e1bitos alimentarios"},"content":{"rendered":"<!DOCTYPE html PUBLIC \"-\/\/W3C\/\/DTD HTML 4.0 Transitional\/\/EN\" \"http:\/\/www.w3.org\/TR\/REC-html40\/loose.dtd\">\n<html><body><p>La continuidad de las clases de cocina en hiper&nbsp; y super mercados y centros de salud, orientadas a promover el consumo de productos locales e informar sobre buenos h&aacute;bitos alimentarios, fue uno de los temas tratados por integrantes del Ministerio de Econom&iacute;a, a trav&eacute;s de su programa 365 Tentaciones y profesionales del Departamento de Educaci&oacute;n para la Salud.<\/p>\n<p>Se convers&oacute; sobre la necesidad de promover en estas capacitaciones la estacionalidad para que el consumidor sepa cu&aacute;les son las frutas y verduras que pueden comerse, frescas y econ&oacute;micas, en las distintas &eacute;pocas del a&ntilde;o. Para ello se elaborar&aacute; una propuesta gastron&oacute;mica para el 2017, donde ser prioricen preparaciones que utilicen este tipo de&nbsp; productos.<\/p>\n<p>La necesidad de contar con el asesoramiento de una nutricionista en las clases de cocina&nbsp; a cargo de los Centros de Capacitaci&oacute;n para el Trabajo de la DGE, fue otro de los temas. En ese marco para principios de febrero se acord&oacute; una reuni&oacute;n con diferentes escuelas para planificar la actividad durante el&nbsp; 2017.<\/p>\n<p>Otro de los puntos fue el calendario de fechas anuales donde pueden encararse acciones conjuntas, que incluyan brindar informaci&oacute;n sobre las propiedades saludables de los productos de nuestra tierra, como el D&iacute;a Mundial de la Alimentaci&oacute;n&nbsp; y el D&iacute;a Mundial de la Salud.<\/p>\n<p>F&aacute;tima Ghazoul de Educaci&oacute;n para la Salud se&ntilde;al&oacute; que desde su &aacute;rea se va a realizar una capacitaci&oacute;n sobre alimentaci&oacute;n para la mujer, destinada a las candidatas&nbsp; a reinas de la Vendimia y propuso que &ldquo;365&rdquo; acompa&ntilde;e la acci&oacute;n con folleter&iacute;a ilustrativa sobre la producci&oacute;n regional.<\/p>\n<p>&nbsp;<\/p>\n<\/body><\/html>\n","protected":false},"excerpt":{"rendered":"La iniciativa surge en conjunto entre el Ministerio de Econom\u00eda, a trav\u00e9s de su programa 365 Tentaciones y profesionales del Departamento de Educaci\u00f3n para la Salud.","protected":false},"author":2,"featured_media":78691,"comment_status":"open","ping_status":"open","sticky":false,"template":"","format":"standard","meta":[],"categories":[1],"tags":[],"_links":{"self":[{"href":"https:\/\/www.mendoza.gov.ar\/prensa\/wp-json\/wp\/v2\/posts\/78690"}],"collection":[{"href":"https:\/\/www.mendoza.gov.ar\/prensa\/wp-json\/wp\/v2\/posts"}],"about":[{"href":"https:\/\/www.mendoza.gov.ar\/prensa\/wp-json\/wp\/v2\/types\/post"}],"author":[{"embeddable":true,"href":"https:\/\/www.mendoza.gov.ar\/prensa\/wp-json\/wp\/v2\/users\/2"}],"replies":[{"embeddable":true,"href":"https:\/\/www.mendoza.gov.ar\/prensa\/wp-json\/wp\/v2\/comments?post=78690"}],"version-history":[{"count":0,"href":"https:\/\/www.mendoza.gov.ar\/prensa\/wp-json\/wp\/v2\/posts\/78690\/revisions"}],"wp:featuredmedia":[{"embeddable":true,"href":"https:\/\/www.mendoza.gov.ar\/prensa\/wp-json\/wp\/v2\/media\/78691"}],"wp:attachment":[{"href":"https:\/\/www.mendoza.gov.ar\/prensa\/wp-json\/wp\/v2\/media?parent=78690"}],"wp:term":[{"taxonomy":"category","embeddable":true,"href":"https:\/\/www.mendoza.gov.ar\/prensa\/wp-json\/wp\/v2\/categories?post=78690"},{"taxonomy":"post_tag","embeddable":true,"href":"https:\/\/www.mendoza.gov.ar\/prensa\/wp-json\/wp\/v2\/tags?post=78690"}],"curies":[{"name":"wp","href":"https:\/\/api.w.org\/{rel}","templated":true}]}}