{"id":78697,"date":"2017-01-26T12:30:40","date_gmt":"2017-01-26T15:30:40","guid":{"rendered":"http:\/\/prensa.mendoza.gov.ar\/?p=78697"},"modified":"2017-01-26T12:30:40","modified_gmt":"2017-01-26T15:30:40","slug":"desvio-de-transporte-en-godoy-cruz","status":"publish","type":"post","link":"https:\/\/www.mendoza.gov.ar\/prensa\/desvio-de-transporte-en-godoy-cruz\/","title":{"rendered":"Desv\u00edo de transporte en Godoy Cruz"},"content":{"rendered":"<!DOCTYPE html PUBLIC \"-\/\/W3C\/\/DTD HTML 4.0 Transitional\/\/EN\" \"http:\/\/www.w3.org\/TR\/REC-html40\/loose.dtd\">\n<html><body><p>Debido a los trabajos que est&aacute; realizando la Municipalidad de Godoy Cruz en algunas intersecciones del departamento se modificar&aacute; el recorrido de algunas l&iacute;neas.<\/p>\n<p>Respecto del corte en Luzuriaga y Rivadavia, la l&iacute;nea 75 ir&aacute; de zona a centro por Carola Lorenzini, Poul Grousac hasta Lavalle; las l&iacute;neas 71 y 72 circular&aacute;n de centro a zona por Salta, Poul Grousac, Carola Lorenzini, Paso de Los Andes y Paran&aacute;.<\/p>\n<p>En tanto, en el corte que hay en Lavalle y San Mart&iacute;n las l&iacute;neas 19, 11, 12, 13, 15, 16 del Grupo 1; del Grupo 4 42 y 43; l&iacute;neas 153, 174, 181, 182 y 183 del Grupo 10; 151 del Grupo 9 y la l&iacute;nea 850 Bartolom&eacute; Mitre transitar&aacute;n por calle San Mart&iacute;n, Beltr&aacute;n hacia el sur y Lavalle.<\/p>\n<p>Estas modificaciones permanecer&aacute;n por un lapso de 30 d&iacute;as, de acuerdo a lo informado por el municipio.<\/p>\n<\/body><\/html>\n","protected":false},"excerpt":{"rendered":"Ser\u00e1 por los cortes de las calles Luzuriaga y Rivadavia, Lavalle y San Mart\u00edn, por el plazo de 30 d\u00edas aproximadamente.","protected":false},"author":2,"featured_media":78698,"comment_status":"open","ping_status":"open","sticky":false,"template":"","format":"standard","meta":[],"categories":[34],"tags":[],"_links":{"self":[{"href":"https:\/\/www.mendoza.gov.ar\/prensa\/wp-json\/wp\/v2\/posts\/78697"}],"collection":[{"href":"https:\/\/www.mendoza.gov.ar\/prensa\/wp-json\/wp\/v2\/posts"}],"about":[{"href":"https:\/\/www.mendoza.gov.ar\/prensa\/wp-json\/wp\/v2\/types\/post"}],"author":[{"embeddable":true,"href":"https:\/\/www.mendoza.gov.ar\/prensa\/wp-json\/wp\/v2\/users\/2"}],"replies":[{"embeddable":true,"href":"https:\/\/www.mendoza.gov.ar\/prensa\/wp-json\/wp\/v2\/comments?post=78697"}],"version-history":[{"count":0,"href":"https:\/\/www.mendoza.gov.ar\/prensa\/wp-json\/wp\/v2\/posts\/78697\/revisions"}],"wp:featuredmedia":[{"embeddable":true,"href":"https:\/\/www.mendoza.gov.ar\/prensa\/wp-json\/wp\/v2\/media\/78698"}],"wp:attachment":[{"href":"https:\/\/www.mendoza.gov.ar\/prensa\/wp-json\/wp\/v2\/media?parent=78697"}],"wp:term":[{"taxonomy":"category","embeddable":true,"href":"https:\/\/www.mendoza.gov.ar\/prensa\/wp-json\/wp\/v2\/categories?post=78697"},{"taxonomy":"post_tag","embeddable":true,"href":"https:\/\/www.mendoza.gov.ar\/prensa\/wp-json\/wp\/v2\/tags?post=78697"}],"curies":[{"name":"wp","href":"https:\/\/api.w.org\/{rel}","templated":true}]}}