{"id":78737,"date":"2017-01-26T16:15:45","date_gmt":"2017-01-26T19:15:45","guid":{"rendered":"http:\/\/prensa.mendoza.gov.ar\/?p=78737"},"modified":"2017-01-26T16:15:45","modified_gmt":"2017-01-26T19:15:45","slug":"articular-lo-publico-y-lo-privado-para-atacar-el-deficit-habitacional","status":"publish","type":"post","link":"https:\/\/www.mendoza.gov.ar\/prensa\/articular-lo-publico-y-lo-privado-para-atacar-el-deficit-habitacional\/","title":{"rendered":"IPV: se present\u00f3 el programa Conjuntos Urbanos Integrados"},"content":{"rendered":"<!DOCTYPE html PUBLIC \"-\/\/W3C\/\/DTD HTML 4.0 Transitional\/\/EN\" \"http:\/\/www.w3.org\/TR\/REC-html40\/loose.dtd\">\n<html><body><p>En el marco de la estrategia de la Subsecretar&iacute;a de Desarrollo Urbano y Vivienda, con especial &eacute;nfasis en la promoci&oacute;n de las Asociaciones P&uacute;blico-Privadas (APP) para multiplicar la generaci&oacute;n de oferta y reducir el d&eacute;ficit habitacional, surge el programa de Conjuntos Urbanos Integrados (CUI).<\/p>\n<p>Esta nueva propuesta articula el financiamiento del Estado nacional y los inversores privados para mejorar el acceso a la vivienda de los sectores de clase media.<\/p>\n<p>La presentaci&oacute;n de los CUI se realiz&oacute; hoy, con la presencia del titular del Instituto Provincial de la Vivienda (IPV), Dami&aacute;n Salamone, y de Marcelo Busellini, director nacional de Dise&ntilde;o e Implementaci&oacute;n de Nuevos Desarrollos de Vivienda.<\/p>\n<p>&ldquo;Esta impronta del Gobierno nacional coincide con lo que el Gobernador nos ha pedido para Mendoza: ser flexibles y buscar financiamientos alternativos y mixtos, que nos permitan abordar desde otro lugar la demanda habitacional&rdquo;, sostuvo el presidente del IPV.<\/p>\n<p>&ldquo;Se trata de que el Estado participe en propuestas urbanas de desarrolladores privados. La idea es trabajar esta iniciativa durante 2017 para llegar a hacer una convocatoria de proyectos antes de fin de a&ntilde;o&rdquo;, explic&oacute; Salamone.<\/p>\n<p>Por su parte, el Marcelo Busellini afirm&oacute; que &ldquo;la idea con los CUI es articular lo p&uacute;blico y lo privado, es decir coinvertir fondos p&uacute;blicos y del sector privado&rdquo;.<\/p>\n<p>&ldquo;Lo que est&aacute; pensado son conjuntos urban&iacute;sticos en donde predomina la mixtura social, donde la Naci&oacute;n cofinancia un porcentaje de vivienda social para reducir el d&eacute;ficit habitacional de los sectores m&aacute;s necesitados y el resto es demanda que los desarrolladores privados deber&iacute;an hacer para los sectores medios de la poblaci&oacute;n&rdquo;, puntualiz&oacute; el funcionario.<\/p>\n<p>La propuesta tiene entre sus objetivos potenciar los planes federales de vivienda y generar oferta de vivienda para los sectores de clase media. Los CUI tambi&eacute;n contribuir&aacute;n a favorecer la integraci&oacute;n social&nbsp;y mejorar&aacute;n el acceso a la vivienda y la generaci&oacute;n de empleo.<\/p>\n<p><strong>&iquest;C&oacute;mo se implementar&aacute;? <\/strong><\/p>\n<p>La Naci&oacute;n, en conjunto con la provincia que acceda al programa, seleccionar&aacute; un proyecto que deber&aacute; contener un porcentaje (entre el 20% y 40%) que se destinar&aacute; para vivienda social, un porcentaje se destinar&aacute; a unidades apto cr&eacute;dito hipotecario (Procrear entre otros) y, finalmente, con el porcentaje restante se podr&aacute;n hacer viviendas para demanda libre o &aacute;reas comerciales en busca de satisfacer las necesidades de los habitantes que se muden al desarrollo urban&iacute;stico que se construya.<\/p>\n<\/body><\/html>\n","protected":false},"excerpt":{"rendered":"La presentaci\u00f3n la realizaron funcionarios de la Subsecretar\u00eda de Vivienda de la Naci\u00f3n durante esta ma\u00f1ana en Mendoza. El plan permitir\u00e1 integrar a desarrolladores e inversores privados en proyectos de pol\u00edticas p\u00fablicas.","protected":false},"author":2,"featured_media":78739,"comment_status":"open","ping_status":"open","sticky":false,"template":"","format":"standard","meta":[],"categories":[25],"tags":[],"_links":{"self":[{"href":"https:\/\/www.mendoza.gov.ar\/prensa\/wp-json\/wp\/v2\/posts\/78737"}],"collection":[{"href":"https:\/\/www.mendoza.gov.ar\/prensa\/wp-json\/wp\/v2\/posts"}],"about":[{"href":"https:\/\/www.mendoza.gov.ar\/prensa\/wp-json\/wp\/v2\/types\/post"}],"author":[{"embeddable":true,"href":"https:\/\/www.mendoza.gov.ar\/prensa\/wp-json\/wp\/v2\/users\/2"}],"replies":[{"embeddable":true,"href":"https:\/\/www.mendoza.gov.ar\/prensa\/wp-json\/wp\/v2\/comments?post=78737"}],"version-history":[{"count":0,"href":"https:\/\/www.mendoza.gov.ar\/prensa\/wp-json\/wp\/v2\/posts\/78737\/revisions"}],"wp:featuredmedia":[{"embeddable":true,"href":"https:\/\/www.mendoza.gov.ar\/prensa\/wp-json\/wp\/v2\/media\/78739"}],"wp:attachment":[{"href":"https:\/\/www.mendoza.gov.ar\/prensa\/wp-json\/wp\/v2\/media?parent=78737"}],"wp:term":[{"taxonomy":"category","embeddable":true,"href":"https:\/\/www.mendoza.gov.ar\/prensa\/wp-json\/wp\/v2\/categories?post=78737"},{"taxonomy":"post_tag","embeddable":true,"href":"https:\/\/www.mendoza.gov.ar\/prensa\/wp-json\/wp\/v2\/tags?post=78737"}],"curies":[{"name":"wp","href":"https:\/\/api.w.org\/{rel}","templated":true}]}}