{"id":78752,"date":"2017-01-26T17:53:05","date_gmt":"2017-01-26T20:53:05","guid":{"rendered":"http:\/\/prensa.mendoza.gov.ar\/?p=78752"},"modified":"2017-01-26T17:53:05","modified_gmt":"2017-01-26T20:53:05","slug":"el-gobierno-presentara-una-nueva-propuesta-salarial-para-los-profesionales-de-la-salud-2","status":"publish","type":"post","link":"https:\/\/www.mendoza.gov.ar\/prensa\/el-gobierno-presentara-una-nueva-propuesta-salarial-para-los-profesionales-de-la-salud-2\/","title":{"rendered":"El Gobierno presentar\u00e1 una nueva propuesta salarial para los profesionales de la Salud"},"content":{"rendered":"<!DOCTYPE html PUBLIC \"-\/\/W3C\/\/DTD HTML 4.0 Transitional\/\/EN\" \"http:\/\/www.w3.org\/TR\/REC-html40\/loose.dtd\">\n<html><body><p>Luego del encuentro, el subsecretario de Gesti&oacute;n P&uacute;blica y Modernizaci&oacute;n del Estado, Ulpiano Su&aacute;rez, explic&oacute; que &ldquo;el incremento consiste en un 16% en dos tramos, un 10% a partir de febrero y un 6% a partir de julio, no acumulativo. Adem&aacute;s, acreditamos el cumplimiento del compromiso asumido en la mesa paritaria del 2016 con respecto a los pases a planta que estaban pendientes. Ya est&aacute;n casi la totalidad concluidos, los &uacute;nicos inconclusos son los de aquellos trabajadores que a&uacute;n no han presentado la documentaci&oacute;n necesaria para completar el tr&aacute;mite administrativo&rdquo;.<\/p>\n<p>Adem&aacute;s, agreg&oacute; Su&aacute;rez: &ldquo;En respuesta a lo que plante&oacute; el gremio en la primera reuni&oacute;n, hemos manifestado que, en el marco de un acuerdo, ser&iacute;a posible incorporar una cl&aacute;usula que permita evaluar durante el &uacute;ltimo trimestre del 2017 la pauta salarial acordada en base a la inflaci&oacute;n y en base a la evoluci&oacute;n de la recaudaci&oacute;n provincial&rdquo;.<\/p>\n<p>El gremio Ampros consider&oacute; que la propuesta es insuficiente y la Subsecretar&iacute;a de Trabajo fij&oacute; una nueva audiencia para el pr&oacute;ximo 3 de febrero.<\/p>\n<\/body><\/html>\n","protected":false},"excerpt":{"rendered":"Esta ma\u00f1ana se realiz\u00f3 la segunda reuni\u00f3n paritaria del R\u00e9gimen 27 de Salud en la Subsecretar\u00eda de Trabajo y Empleo. El Ejecutivo provincial hoy ofreci\u00f3 16% no acumulativo, en dos tramos. Fue considerado insuficiente por el gremio, por lo que el pr\u00f3ximo 3 de febrero los miembros paritarios llevar\u00e1n una nueva propuesta.","protected":false},"author":2,"featured_media":78753,"comment_status":"open","ping_status":"open","sticky":false,"template":"","format":"standard","meta":[],"categories":[20],"tags":[],"_links":{"self":[{"href":"https:\/\/www.mendoza.gov.ar\/prensa\/wp-json\/wp\/v2\/posts\/78752"}],"collection":[{"href":"https:\/\/www.mendoza.gov.ar\/prensa\/wp-json\/wp\/v2\/posts"}],"about":[{"href":"https:\/\/www.mendoza.gov.ar\/prensa\/wp-json\/wp\/v2\/types\/post"}],"author":[{"embeddable":true,"href":"https:\/\/www.mendoza.gov.ar\/prensa\/wp-json\/wp\/v2\/users\/2"}],"replies":[{"embeddable":true,"href":"https:\/\/www.mendoza.gov.ar\/prensa\/wp-json\/wp\/v2\/comments?post=78752"}],"version-history":[{"count":0,"href":"https:\/\/www.mendoza.gov.ar\/prensa\/wp-json\/wp\/v2\/posts\/78752\/revisions"}],"wp:featuredmedia":[{"embeddable":true,"href":"https:\/\/www.mendoza.gov.ar\/prensa\/wp-json\/wp\/v2\/media\/78753"}],"wp:attachment":[{"href":"https:\/\/www.mendoza.gov.ar\/prensa\/wp-json\/wp\/v2\/media?parent=78752"}],"wp:term":[{"taxonomy":"category","embeddable":true,"href":"https:\/\/www.mendoza.gov.ar\/prensa\/wp-json\/wp\/v2\/categories?post=78752"},{"taxonomy":"post_tag","embeddable":true,"href":"https:\/\/www.mendoza.gov.ar\/prensa\/wp-json\/wp\/v2\/tags?post=78752"}],"curies":[{"name":"wp","href":"https:\/\/api.w.org\/{rel}","templated":true}]}}