{"id":78782,"date":"2017-01-27T09:18:17","date_gmt":"2017-01-27T12:18:17","guid":{"rendered":"http:\/\/prensa.mendoza.gov.ar\/?p=78782"},"modified":"2017-01-27T09:18:17","modified_gmt":"2017-01-27T12:18:17","slug":"comenzo-un-nuevo-curso-de-preparacion-para-el-parto","status":"publish","type":"post","link":"https:\/\/www.mendoza.gov.ar\/prensa\/comenzo-un-nuevo-curso-de-preparacion-para-el-parto\/","title":{"rendered":"Comenz\u00f3 un nuevo curso de preparaci\u00f3n para el parto"},"content":{"rendered":"<!DOCTYPE html PUBLIC \"-\/\/W3C\/\/DTD HTML 4.0 Transitional\/\/EN\" \"http:\/\/www.w3.org\/TR\/REC-html40\/loose.dtd\">\n<html><body><p style=\"text-align: left\">Con el objetivo de ayudar a las embarazadas a llegar de la mejor manera preparada al parto, la Obra Social de Empleados P&uacute;blicos (OSEP)&nbsp;contin&uacute;a desarrollando el Curso de Preparaci&oacute;n Integral para la Maternidad, dirigido a futuras madres mayores de 19 a&ntilde;os.<\/p>\n<p>El ciclo cuenta con 5 clases que se dictan los mi&eacute;rcoles, de 11 a 13, en el SUM I del edificio Xeltahuina, Salta 877, Ciudad. All&iacute; un grupo de profesionales, conformado por enfermeros, licenciadas en obstetricia, profesores de educaci&oacute;n f&iacute;sica y m&eacute;dicos, lleva adelante las clases, que cuentan con una parte te&oacute;rica, que incluye charlas y consejos y otra dedicada a actividad f&iacute;sica.<\/p>\n<p style=\"text-align: justify\">Este nuevo curso, que se extender&aacute; hasta el 22 de febrero, comenz&oacute; con 25 embarazadas, que asistieron en compa&ntilde;&iacute;a de sus parejas o familiares.<\/p>\n<p style=\"text-align: justify\">Las interesadas en participar del pr&oacute;ximo ciclo, que se iniciar&aacute; el 1 de marzo, podr&aacute;n hacerlo solicitando un turno al 0810 810 1033 opci&oacute;n 7, de 14 a 21.<\/p>\n<p style=\"text-align: justify\">Las futuras mam&aacute;s menores de 19 a&ntilde;os pueden acceder a los encuentros de preparaci&oacute;n integral para la maternidad que realiza el programa Adolescencia, los martes, de 11.30 a 13.30, en el SUM II del mismo edificio.<\/p>\n<\/body><\/html>\n","protected":false},"excerpt":{"rendered":"Con una interesante concurrencia, un nuevo grupo de embarazadas comenz\u00f3 otro ciclo del Curso de Preparaci\u00f3n Integral para la Maternidad de OSEP. El encuentro se realiz\u00f3\u00a0en el SUM I del edificio Xeltahuina y estuvo a cargo de un equipo interdisciplinario de profesionales.","protected":false},"author":2,"featured_media":78784,"comment_status":"open","ping_status":"open","sticky":false,"template":"","format":"standard","meta":[],"categories":[30],"tags":[],"_links":{"self":[{"href":"https:\/\/www.mendoza.gov.ar\/prensa\/wp-json\/wp\/v2\/posts\/78782"}],"collection":[{"href":"https:\/\/www.mendoza.gov.ar\/prensa\/wp-json\/wp\/v2\/posts"}],"about":[{"href":"https:\/\/www.mendoza.gov.ar\/prensa\/wp-json\/wp\/v2\/types\/post"}],"author":[{"embeddable":true,"href":"https:\/\/www.mendoza.gov.ar\/prensa\/wp-json\/wp\/v2\/users\/2"}],"replies":[{"embeddable":true,"href":"https:\/\/www.mendoza.gov.ar\/prensa\/wp-json\/wp\/v2\/comments?post=78782"}],"version-history":[{"count":0,"href":"https:\/\/www.mendoza.gov.ar\/prensa\/wp-json\/wp\/v2\/posts\/78782\/revisions"}],"wp:featuredmedia":[{"embeddable":true,"href":"https:\/\/www.mendoza.gov.ar\/prensa\/wp-json\/wp\/v2\/media\/78784"}],"wp:attachment":[{"href":"https:\/\/www.mendoza.gov.ar\/prensa\/wp-json\/wp\/v2\/media?parent=78782"}],"wp:term":[{"taxonomy":"category","embeddable":true,"href":"https:\/\/www.mendoza.gov.ar\/prensa\/wp-json\/wp\/v2\/categories?post=78782"},{"taxonomy":"post_tag","embeddable":true,"href":"https:\/\/www.mendoza.gov.ar\/prensa\/wp-json\/wp\/v2\/tags?post=78782"}],"curies":[{"name":"wp","href":"https:\/\/api.w.org\/{rel}","templated":true}]}}