{"id":78834,"date":"2017-01-29T08:51:11","date_gmt":"2017-01-29T11:51:11","guid":{"rendered":"http:\/\/prensa.mendoza.gov.ar\/?p=78834"},"modified":"2017-01-29T08:51:11","modified_gmt":"2017-01-29T11:51:11","slug":"uspallata-nuevo-servicio-de-transporte-para-la-zona-de-alta-montana","status":"publish","type":"post","link":"https:\/\/www.mendoza.gov.ar\/prensa\/uspallata-nuevo-servicio-de-transporte-para-la-zona-de-alta-montana\/","title":{"rendered":"Uspallata: nuevo servicio de transporte para la zona de alta monta\u00f1a"},"content":{"rendered":"<!DOCTYPE html PUBLIC \"-\/\/W3C\/\/DTD HTML 4.0 Transitional\/\/EN\" \"http:\/\/www.w3.org\/TR\/REC-html40\/loose.dtd\">\n<html><body><p>A partir del martes 31 de enero, los vecinos de la localidad de Uspallata podr&aacute;n acceder a un nuevo servicio de transporte. Se trata de una l&iacute;nea directa que unir&aacute; la Terminal de &Oacute;mnibus con esta zona de alta monta&ntilde;a, sum&aacute;ndose as&iacute; al resto de las l&iacute;neas que circulan por el lugar.<\/p>\n<p>Este servicio era esperado por los usuarios desde hac&iacute;a m&aacute;s de un a&ntilde;o, y luego de una reuni&oacute;n que mantuvo con ellos en el mes de agosto del a&ntilde;o pasado el Director de Transporte, se comenz&oacute; a trabajar para lograr la concreci&oacute;n del pedido que hab&iacute;an efectuado los vecinos.<\/p>\n<p>&ldquo;Alrededor de 800 personas son las que utilizan a diario el servicio de transporte p&uacute;blico aqu&iacute; en la zona de alta monta&ntilde;a. As&iacute; es que estamos muy contentos de haber podido cumplir una vez m&aacute;s con los pedidos de los usuarios&rdquo;, expres&oacute; Carlos Matilla, director de Transporte de la provincia.<\/p>\n<p>El recorrido, a cargo de la empresa Buttini, saldr&aacute; desde la Terminal de &Oacute;mnibus en calle Alberdi hasta la Terminal del mencionado distrito; cabe destacar que el recorrido no contar&aacute; con paradas intermedias, caracter&iacute;stica propia de un servicio directo.&nbsp; Tendr&aacute; 4 frecuencias diarias de lunes a domingo, incluidos los feriados.<\/p>\n<p><a href=\"https:\/\/www.mendoza.gov.ar\/prensa\/wp-content\/uploads\/sites\/23\/1-IMG_2007.jpg\"><img loading=\"lazy\" class=\"alignnone wp-image-78913 img-responsive center-block\" src=\"https:\/\/www.mendoza.gov.ar\/prensa\/wp-content\/uploads\/sites\/23\/1-IMG_2007.jpg\" alt=\"\" width=\"650\" height=\"433\"><\/a><\/p>\n<p>Para poder cumplir con el servicio se incorporar&aacute;n 2 unidades nuevas, y una tercera unidad ser&aacute; destinada para utilizarla como auxilio en caso de que alguna unidad se rompa y garantizar as&iacute; la normal prestaci&oacute;n sin perjudicar a los usuarios.<\/p>\n<p>Un dato importante que hay que resaltar es que el viaje tendr&aacute; una duraci&oacute;n de 1 hora 55 minutos, en tanto que los servicios comunes es de 2 horas 20 minutos.<\/p>\n<p><iframe width=\"900\" height=\"400\" scrolling=\"no\" frameborder=\"no\" src=\"https:\/\/w.soundcloud.com\/player\/?visual=true&amp;url=https%3A%2F%2Fapi.soundcloud.com%2Ftracks%2F304878312&amp;show_artwork=true&amp;maxwidth=900&amp;maxheight=1000\"><\/iframe><\/p>\n<\/body><\/html>\n","protected":false},"excerpt":{"rendered":"Se trata de una l\u00ednea directa, que contar\u00e1 con 4 frecuencias de lunes a viernes, s\u00e1bados, domingos y feriados. Para cumplir con el recorrido se incorporar\u00e1n dos unidades nuevas. Audio.","protected":false},"author":2,"featured_media":78912,"comment_status":"open","ping_status":"open","sticky":false,"template":"","format":"standard","meta":[],"categories":[34],"tags":[],"_links":{"self":[{"href":"https:\/\/www.mendoza.gov.ar\/prensa\/wp-json\/wp\/v2\/posts\/78834"}],"collection":[{"href":"https:\/\/www.mendoza.gov.ar\/prensa\/wp-json\/wp\/v2\/posts"}],"about":[{"href":"https:\/\/www.mendoza.gov.ar\/prensa\/wp-json\/wp\/v2\/types\/post"}],"author":[{"embeddable":true,"href":"https:\/\/www.mendoza.gov.ar\/prensa\/wp-json\/wp\/v2\/users\/2"}],"replies":[{"embeddable":true,"href":"https:\/\/www.mendoza.gov.ar\/prensa\/wp-json\/wp\/v2\/comments?post=78834"}],"version-history":[{"count":0,"href":"https:\/\/www.mendoza.gov.ar\/prensa\/wp-json\/wp\/v2\/posts\/78834\/revisions"}],"wp:featuredmedia":[{"embeddable":true,"href":"https:\/\/www.mendoza.gov.ar\/prensa\/wp-json\/wp\/v2\/media\/78912"}],"wp:attachment":[{"href":"https:\/\/www.mendoza.gov.ar\/prensa\/wp-json\/wp\/v2\/media?parent=78834"}],"wp:term":[{"taxonomy":"category","embeddable":true,"href":"https:\/\/www.mendoza.gov.ar\/prensa\/wp-json\/wp\/v2\/categories?post=78834"},{"taxonomy":"post_tag","embeddable":true,"href":"https:\/\/www.mendoza.gov.ar\/prensa\/wp-json\/wp\/v2\/tags?post=78834"}],"curies":[{"name":"wp","href":"https:\/\/api.w.org\/{rel}","templated":true}]}}