{"id":78840,"date":"2017-01-29T11:00:27","date_gmt":"2017-01-29T14:00:27","guid":{"rendered":"http:\/\/prensa.mendoza.gov.ar\/?p=78840"},"modified":"2019-12-03T08:21:47","modified_gmt":"2019-12-03T11:21:47","slug":"internos-de-san-felipe-fabricaran-la-jaula-que-trasladara-a-la-mona-cecilia","status":"publish","type":"post","link":"https:\/\/www.mendoza.gov.ar\/prensa\/internos-de-san-felipe-fabricaran-la-jaula-que-trasladara-a-la-mona-cecilia\/","title":{"rendered":"Internos de San Felipe fabricar\u00e1n la jaula que trasladar\u00e1 a la mona Cecilia"},"content":{"rendered":"<!DOCTYPE html PUBLIC \"-\/\/W3C\/\/DTD HTML 4.0 Transitional\/\/EN\" \"http:\/\/www.w3.org\/TR\/REC-html40\/loose.dtd\">\n<html><body><p>Como parte de las tareas de reconversi&oacute;n que est&aacute; llevando a cabo el Gobierno provincial en el Ecoparque, internos del Complejo Penitenciario San Felipe ser&aacute;n los encargados de construir el recinto que permitir&aacute; trasladar a la mona Cecilia hacia el santuario de chimpanc&eacute;s ubicado en Brasil.<\/p>\n<p>Luego de aprobada la reciente ley de Ecoparque, la cual permite, entre otras cosas, realizar traslados de animales a reservas y santuarios naturales, autoridades de la Secretar&iacute;a de Ambiente solicitaron al Servicio Penitenciario provincial la colaboraci&oacute;n para fabricar la jaula&nbsp;en los talleres de herrer&iacute;a del complejo N&deg;2.<\/p>\n<p>Juan Pablo Rodr&iacute;guez, jefe de la Unidad de Producci&oacute;n Penitenciaria, encargada de todos los talleres propios y de firmas privadas que funcionan en los establecimiento carcelarios de la provincia, inform&oacute;: &ldquo;Hemos recibido especificaciones t&eacute;cnicas de parte de los especialistas sobre c&oacute;mo debe estar construida y qu&eacute; materiales debemos utilizar, para brindarle al animal las comodidades necesarias para su traslado&rdquo;.<\/p>\n<p>Rodr&iacute;guez expres&oacute; adem&aacute;s: &ldquo;Estamos agradecidos de que otros organismos nos conf&iacute;en sus proyectos, ya que esto trae aparejado que las personas privadas de libertad no s&oacute;lo realicen actividades laborales sino tambi&eacute;n participen en acciones sociales y solidarias&rdquo;.<\/p>\n<p><strong>Trabajos de colaboraci&oacute;n<\/strong><\/p>\n<p>No es la primera vez que el Servicio Penitenciario colabora con las tareas de reconversi&oacute;n del nuevo Ecoparque. Anteriormente, internos del mismo penal elaboraron portones de cierre, los cuales fueron colocados en la zona de las cierveras.<\/p>\n<p>Estos talleres han participado adem&aacute;s en la elaboraci&oacute;n de juguetes, mantas, s&aacute;banas y otros elementos para hospitales, comedores y escuelas de la provincia, y en la fabricaci&oacute;n de mobiliario administrativo y de seguridad para el reacondicionamiento de unidades penales.<\/p>\n<\/body><\/html>\n","protected":false},"excerpt":{"rendered":"Los trabajos ser\u00e1n realizados \u00edntegramente en los talleres de herrer\u00eda y carpinter\u00eda del complejo y servir\u00e1n para la reubicaci\u00f3n de la chimpanc\u00e9.","protected":false},"author":2,"featured_media":78842,"comment_status":"open","ping_status":"open","sticky":false,"template":"","format":"standard","meta":[],"categories":[3,33],"tags":[],"_links":{"self":[{"href":"https:\/\/www.mendoza.gov.ar\/prensa\/wp-json\/wp\/v2\/posts\/78840"}],"collection":[{"href":"https:\/\/www.mendoza.gov.ar\/prensa\/wp-json\/wp\/v2\/posts"}],"about":[{"href":"https:\/\/www.mendoza.gov.ar\/prensa\/wp-json\/wp\/v2\/types\/post"}],"author":[{"embeddable":true,"href":"https:\/\/www.mendoza.gov.ar\/prensa\/wp-json\/wp\/v2\/users\/2"}],"replies":[{"embeddable":true,"href":"https:\/\/www.mendoza.gov.ar\/prensa\/wp-json\/wp\/v2\/comments?post=78840"}],"version-history":[{"count":1,"href":"https:\/\/www.mendoza.gov.ar\/prensa\/wp-json\/wp\/v2\/posts\/78840\/revisions"}],"predecessor-version":[{"id":213017,"href":"https:\/\/www.mendoza.gov.ar\/prensa\/wp-json\/wp\/v2\/posts\/78840\/revisions\/213017"}],"wp:featuredmedia":[{"embeddable":true,"href":"https:\/\/www.mendoza.gov.ar\/prensa\/wp-json\/wp\/v2\/media\/78842"}],"wp:attachment":[{"href":"https:\/\/www.mendoza.gov.ar\/prensa\/wp-json\/wp\/v2\/media?parent=78840"}],"wp:term":[{"taxonomy":"category","embeddable":true,"href":"https:\/\/www.mendoza.gov.ar\/prensa\/wp-json\/wp\/v2\/categories?post=78840"},{"taxonomy":"post_tag","embeddable":true,"href":"https:\/\/www.mendoza.gov.ar\/prensa\/wp-json\/wp\/v2\/tags?post=78840"}],"curies":[{"name":"wp","href":"https:\/\/api.w.org\/{rel}","templated":true}]}}