{"id":79161,"date":"2017-02-02T09:45:30","date_gmt":"2017-02-02T12:45:30","guid":{"rendered":"http:\/\/prensa.mendoza.gov.ar\/?p=79161"},"modified":"2017-02-02T09:45:30","modified_gmt":"2017-02-02T12:45:30","slug":"se-combatieron-tormentas-en-los-tres-oasis-productivos","status":"publish","type":"post","link":"https:\/\/www.mendoza.gov.ar\/prensa\/se-combatieron-tormentas-en-los-tres-oasis-productivos\/","title":{"rendered":"Se combatieron tormentas en los tres oasis productivos"},"content":{"rendered":"<!DOCTYPE html PUBLIC \"-\/\/W3C\/\/DTD HTML 4.0 Transitional\/\/EN\" \"http:\/\/www.w3.org\/TR\/REC-html40\/loose.dtd\">\n<html><body><div id=\"m_-8437285925925772345yui_3_16_0_ym19_1_1486034738884_4719\">El Sistema Integral de Lucha Antigranizo afront&oacute; una jornada de tormentas intensas. Entre las 17 y las primeras horas de la madrugada, se realizaron tareas de mitigaci&oacute;n con aviones en las zonas Sur y Noreste y con generadores de superficie en el Valle de Uco.<\/div>\n<div id=\"m_-8437285925925772345yui_3_16_0_ym19_1_1486034738884_4728\"><span lang=\"ES-AR\">&nbsp;<\/span><\/div>\n<div id=\"m_-8437285925925772345yui_3_16_0_ym19_1_1486034738884_4728\"><span id=\"m_-8437285925925772345yui_3_16_0_ym19_1_1486034738884_4729\" lang=\"ES-AR\">Las observaciones de radar se&ntilde;alan que los tres oasis productivos fueron afectados por lluvias moderadas a intensas y que, en algunos parajes, precipit&oacute; granizo.<\/span><\/div>\n<div id=\"m_-8437285925925772345yui_3_16_0_ym19_1_1486034738884_4731\"><span lang=\"ES-AR\">&nbsp;<\/span><\/div>\n<div id=\"m_-8437285925925772345yui_3_16_0_ym19_1_1486034738884_4731\"><span id=\"m_-8437285925925772345yui_3_16_0_ym19_1_1486034738884_4732\" lang=\"ES-AR\">En el &aacute;rea productiva de la zona Noreste se registraron lluvias intensas en Rivadavia (Reducci&oacute;n, La Libertad, Campamentos, La Central, Medrano, Santa Mar&iacute;a de Oro), San Mart&iacute;n (Tres Porte&ntilde;as, El Divisadero, Chapanay, Buen Orden, Alto Verde, Chapanay, Montecaseros), Jun&iacute;n (en todo el departamento), Santa Rosa (Las Catitas, La Dormida, Colonia El Marcado, 12 de Octubre), Maip&uacute; (Barrancas) y &nbsp;Luj&aacute;n (Ugarteche, El Carrizal). Tambi&eacute;n graniz&oacute; en el campo: sur de Santa Rosa, sur de Rivadavia, sur de La Paz y este de San Mart&iacute;n.<\/span><\/div>\n<div id=\"m_-8437285925925772345yui_3_16_0_ym19_1_1486034738884_4734\"><span lang=\"ES-AR\">&nbsp;<\/span><\/div>\n<div id=\"m_-8437285925925772345yui_3_16_0_ym19_1_1486034738884_4734\"><span id=\"m_-8437285925925772345yui_3_16_0_ym19_1_1486034738884_4735\" lang=\"ES-AR\">En el Valle de Uco, las lluvias fueron generales pero adem&aacute;s se observ&oacute; granizo en el departamento San Carlos (La Consulta y Villa Cabecera). Tambi&eacute;n se detect&oacute; precipitaci&oacute;n de granizo en la zona de campo: este de Pareditas y noreste de Paso de Las Carretas. La red de generadores de superficie, dispuesta en este oasis, estuvo activa durante seis horas.<\/span><\/div>\n<div id=\"m_-8437285925925772345yui_3_16_0_ym19_1_1486034738884_4737\"><span lang=\"ES-AR\">&nbsp;<\/span><\/div>\n<div id=\"m_-8437285925925772345yui_3_16_0_ym19_1_1486034738884_4737\"><span id=\"m_-8437285925925772345yui_3_16_0_ym19_1_1486034738884_4738\" lang=\"ES-AR\">En cuanto a la zona Sur, se registraron lluvias fuertes y granizo en &aacute;reas productivas de San Rafael (Las Paredes, El Cerrito. Cuadro Nacional, Ca&ntilde;ada Seca) y en el campo (El Sosneado,&nbsp;Los Parlamentos, Pampa Amarilla, La Junta,&nbsp;Agua del Toro, El Divisadero, Pareditas, Punta del Agua).<\/span><\/div>\n<div id=\"m_-8437285925925772345yui_3_16_0_ym19_1_1486034738884_4737\"><span lang=\"ES-AR\">&nbsp;<\/span><\/div>\n<div>El pron&oacute;stico elaborado por la Direcci&oacute;n de Agricultura y Contingencias Clim&aacute;ticas indica para hoy tormentas de intensidad moderada a severa, principalmente en los oasis Sur y Este, y mayor inestabilidad durante la madrugada abarcando Valle de Uco.<\/div>\n<\/body><\/html>\n","protected":false},"excerpt":{"rendered":"Los aviones trabajaron m\u00e1s de nueve horas y tambi\u00e9n se oper\u00f3 con generadores de superficie. Las precipitaciones se extendieron en toda la provincia.","protected":false},"author":2,"featured_media":79162,"comment_status":"open","ping_status":"open","sticky":false,"template":"","format":"standard","meta":[],"categories":[1],"tags":[],"_links":{"self":[{"href":"https:\/\/www.mendoza.gov.ar\/prensa\/wp-json\/wp\/v2\/posts\/79161"}],"collection":[{"href":"https:\/\/www.mendoza.gov.ar\/prensa\/wp-json\/wp\/v2\/posts"}],"about":[{"href":"https:\/\/www.mendoza.gov.ar\/prensa\/wp-json\/wp\/v2\/types\/post"}],"author":[{"embeddable":true,"href":"https:\/\/www.mendoza.gov.ar\/prensa\/wp-json\/wp\/v2\/users\/2"}],"replies":[{"embeddable":true,"href":"https:\/\/www.mendoza.gov.ar\/prensa\/wp-json\/wp\/v2\/comments?post=79161"}],"version-history":[{"count":0,"href":"https:\/\/www.mendoza.gov.ar\/prensa\/wp-json\/wp\/v2\/posts\/79161\/revisions"}],"wp:featuredmedia":[{"embeddable":true,"href":"https:\/\/www.mendoza.gov.ar\/prensa\/wp-json\/wp\/v2\/media\/79162"}],"wp:attachment":[{"href":"https:\/\/www.mendoza.gov.ar\/prensa\/wp-json\/wp\/v2\/media?parent=79161"}],"wp:term":[{"taxonomy":"category","embeddable":true,"href":"https:\/\/www.mendoza.gov.ar\/prensa\/wp-json\/wp\/v2\/categories?post=79161"},{"taxonomy":"post_tag","embeddable":true,"href":"https:\/\/www.mendoza.gov.ar\/prensa\/wp-json\/wp\/v2\/tags?post=79161"}],"curies":[{"name":"wp","href":"https:\/\/api.w.org\/{rel}","templated":true}]}}