{"id":79181,"date":"2017-02-02T11:07:35","date_gmt":"2017-02-02T14:07:35","guid":{"rendered":"http:\/\/prensa.mendoza.gov.ar\/?p=79181"},"modified":"2017-02-02T11:07:35","modified_gmt":"2017-02-02T14:07:35","slug":"nueva-moratoria-para-los-inscriptos-al-fondo-compensador-agricola","status":"publish","type":"post","link":"https:\/\/www.mendoza.gov.ar\/prensa\/nueva-moratoria-para-los-inscriptos-al-fondo-compensador-agricola\/","title":{"rendered":"Nueva moratoria para los inscriptos al Fondo Compensador Agr\u00edcola"},"content":{"rendered":"<!DOCTYPE html PUBLIC \"-\/\/W3C\/\/DTD HTML 4.0 Transitional\/\/EN\" \"http:\/\/www.w3.org\/TR\/REC-html40\/loose.dtd\">\n<html><body><div id=\":193\" class=\"ii gt adP adO\">\n<div id=\":17i\" class=\"a3s aXjCH m159ff21a49ffd001\">\n<div id=\"m_-2918090647457113287yiv2347441088\">\n<div id=\"m_-2918090647457113287yui_3_16_0_ym19_1_1486034738884_15129\">\n<div id=\"m_-2918090647457113287yui_3_16_0_ym19_1_1486034738884_15128\">\n<div id=\"m_-2918090647457113287yiv2347441088yui_3_16_0_ym19_1_1485890225941_7054\">Los productores que no est&eacute;n al d&iacute;a con los pagos del Fondo Compensador Agr&iacute;cola podr&aacute;n regularizar su situaci&oacute;n, ya que extendi&oacute; una moratoria para las cuotas 1, 2,3 y\/o 4. Quienes registren deudas no recibir&aacute;n las compensaciones por accidentes clim&aacute;ticos.<\/div>\n<div id=\"m_-2918090647457113287yiv2347441088yui_3_16_0_ym19_1_1485890225941_7064\"><\/div>\n<div id=\"m_-2918090647457113287yiv2347441088yui_3_16_0_ym19_1_1485890225941_7064\"><span id=\"m_-2918090647457113287yiv2347441088yui_3_16_0_ym19_1_1485890225941_7065\">A partir del 6 de febrero, se podr&aacute;n obtener las facturas correspondientes a las cuotas adeudas en las delegaciones de la Direcci&oacute;n de Agricultura y Contingencias Clim&aacute;ticas (DACC) o ingresando a <\/span><span id=\"m_-2918090647457113287yiv2347441088yui_3_16_0_ym19_1_1485890225941_7066\" lang=\"ES-TRAD\"><a id=\"m_-2918090647457113287yiv2347441088yui_3_16_0_ym19_1_1485890225941_7067\" href=\"https:\/\/www.mendoza.gov.ar\/contingencias\/\" target=\"_blank\" rel=\"nofollow\"><span id=\"m_-2918090647457113287yiv2347441088yui_3_16_0_ym19_1_1485890225941_7068\" lang=\"ES-AR\">www.mendoza.gov.ar\/contingencias<\/span><\/a><\/span><span id=\"m_-2918090647457113287yiv2347441088yui_3_16_0_ym19_1_1485890225941_7069\">. El incremento establecido es del 5% respecto del valor de la &uacute;ltima moratoria.<\/span><\/div>\n<div id=\"m_-2918090647457113287yiv2347441088yui_3_16_0_ym19_1_1485890225941_7071\"><\/div>\n<div id=\"m_-2918090647457113287yiv2347441088yui_3_16_0_ym19_1_1485890225941_7071\"><span id=\"m_-2918090647457113287yiv2347441088yui_3_16_0_ym19_1_1485890225941_7072\">El per&iacute;odo para abonar las cuotas adeudadas se extender&aacute; hasta el 10 de febrero.<\/span> <span id=\"m_-2918090647457113287yiv2347441088yui_3_16_0_ym19_1_1485890225941_7073\">La condici&oacute;n para poder acceder a esta instancia es que hayan realizado alg&uacute;n aporte al sistema hasta el 14 de octubre.<\/span><\/div>\n<div id=\"m_-2918090647457113287yiv2347441088yui_3_16_0_ym19_1_1485890225941_7379\" dir=\"ltr\"><span lang=\"ES-TRAD\">&nbsp;<\/span><\/div>\n<div id=\"m_-2918090647457113287yiv2347441088yui_3_16_0_ym19_1_1485890225941_7366\" dir=\"ltr\"><span id=\"m_-2918090647457113287yiv2347441088yui_3_16_0_ym19_1_1485890225941_7075\" lang=\"ES-TRAD\">Para consultas, comunicarse con las delegaciones o centros receptores de la DACC o a los tel&eacute;fonos 4413266&nbsp;y 4413263 o bien ingresar en&nbsp;<a href=\"https:\/\/www.mendoza.gov.ar\/contingencias\/\" target=\"_blank\">www.mendoza.gov.ar\/contingencias<\/a>.<\/span>\n<div class=\"yj6qo\"><\/div>\n<\/div>\n<\/div>\n<\/div>\n<\/div>\n<\/div>\n<\/div>\n<div id=\":m5\" class=\"hq gt a10\"><\/div>\n<\/body><\/html>\n","protected":false},"excerpt":{"rendered":"Est\u00e1 dirigida a los que adeuden pagos de la campa\u00f1a 2016-2017. El objetivo es poder incluir a m\u00e1s productores en esta herramienta.","protected":false},"author":2,"featured_media":79182,"comment_status":"open","ping_status":"open","sticky":false,"template":"","format":"standard","meta":[],"categories":[1],"tags":[],"_links":{"self":[{"href":"https:\/\/www.mendoza.gov.ar\/prensa\/wp-json\/wp\/v2\/posts\/79181"}],"collection":[{"href":"https:\/\/www.mendoza.gov.ar\/prensa\/wp-json\/wp\/v2\/posts"}],"about":[{"href":"https:\/\/www.mendoza.gov.ar\/prensa\/wp-json\/wp\/v2\/types\/post"}],"author":[{"embeddable":true,"href":"https:\/\/www.mendoza.gov.ar\/prensa\/wp-json\/wp\/v2\/users\/2"}],"replies":[{"embeddable":true,"href":"https:\/\/www.mendoza.gov.ar\/prensa\/wp-json\/wp\/v2\/comments?post=79181"}],"version-history":[{"count":0,"href":"https:\/\/www.mendoza.gov.ar\/prensa\/wp-json\/wp\/v2\/posts\/79181\/revisions"}],"wp:featuredmedia":[{"embeddable":true,"href":"https:\/\/www.mendoza.gov.ar\/prensa\/wp-json\/wp\/v2\/media\/79182"}],"wp:attachment":[{"href":"https:\/\/www.mendoza.gov.ar\/prensa\/wp-json\/wp\/v2\/media?parent=79181"}],"wp:term":[{"taxonomy":"category","embeddable":true,"href":"https:\/\/www.mendoza.gov.ar\/prensa\/wp-json\/wp\/v2\/categories?post=79181"},{"taxonomy":"post_tag","embeddable":true,"href":"https:\/\/www.mendoza.gov.ar\/prensa\/wp-json\/wp\/v2\/tags?post=79181"}],"curies":[{"name":"wp","href":"https:\/\/api.w.org\/{rel}","templated":true}]}}